{"id":19611,"date":"2020-11-03T21:06:17","date_gmt":"2020-11-04T03:06:17","guid":{"rendered":"http:\/\/www.zonaroja.com.mx\/?p=19611"},"modified":"2020-11-03T21:06:27","modified_gmt":"2020-11-04T03:06:27","slug":"otra-vez-reproches-al-ieepo-normalistas-de-educacion-especial-exigen-dialogo-yuridiana-sosa-zona-roja","status":"publish","type":"post","link":"https:\/\/zonaroja.com.mx\/?p=19611","title":{"rendered":"Otra vez reproches al IEEPO: normalistas de Educaci\u00f3n Especial exigen di\u00e1logo Yuridiana Sosa\/Zona Roja."},"content":{"rendered":"\n<p>Oaxaca de Ju\u00e1rez, Oax., 3 de noviembre de 2020.- Estudiantes de la Escuela Normal de Educaci\u00f3n Especial (ENEE) en Oaxaca, reiteraron la defensa por la educaci\u00f3n especial y la validaci\u00f3n de estudios ante el cambio del Reglamento Interno de la Secretar\u00eda de Educaci\u00f3n P\u00fablica (SEP).<\/p>\n\n\n\n<p>Una representaci\u00f3n de normalistas de la Licenciatura de Educaci\u00f3n Especial exigi\u00f3 al Instituto Estatal de Educaci\u00f3n P\u00fablica de Oaxaca (IEEPO) una mesa de di\u00e1logo para ratificar los acuerdos del a\u00f1o 2019 sobre el reconocimiento de esta licenciatura luego de echar para atr\u00e1s la imposici\u00f3n de la Licenciatura en Inclusi\u00f3n Educativa.<\/p>\n\n\n\n<p>Apuntaron que en mayo del a\u00f1o pasado, el Gobierno del Estado acord\u00f3 avalar los estudios de la generaci\u00f3n 2018-2022 y las siguientes bajo la Licenciatura en Educaci\u00f3n Especial, as\u00ed como respetar el m\u00e9todo de estudio que implementan.<\/p>\n\n\n\n<p>Pero ante los cambios en el reglamento de la SEP en septiembre de este a\u00f1o, con el que desaparece la Direcci\u00f3n General de Educaci\u00f3n Superior para Profesionales de la Educaci\u00f3n (DGESPE) y sustituida por la Direcci\u00f3n General de Educaci\u00f3n Superior para el Magisterio, temen que el acuerdo se venga abajo.<\/p>\n\n\n\n<p>El pasado 16 de octubre los estudiantes de la ENEE marcharon por esta misma causa, pero en esta ocasi\u00f3n, por medio de una conferencia de prensa solicitan al IEEPO atenci\u00f3n o retomar\u00e1n movilizaciones, a pesar de la contingencia sanitaria y de que no han iniciado el semestre.<\/p>\n","protected":false},"excerpt":{"rendered":"<p>Oaxaca de Ju\u00e1rez, Oax., 3 de noviembre de 2020.- Estudiantes de la Escuela Normal de&hellip;<\/p>\n","protected":false},"author":2,"featured_media":19612,"comment_status":"closed","ping_status":"open","sticky":false,"template":"","format":"standard","meta":{"_lmt_disableupdate":"","_lmt_disable":"","_jetpack_memberships_contains_paid_content":false,"footnotes":""},"categories":[109,47],"tags":[599],"class_list":["post-19611","post","type-post","status-publish","format-standard","has-post-thumbnail","hentry","category-minuto-a-minuto","category-zona-gris","tag-instituto-estatal-de-educacion-publica-de-oaxaca"],"jetpack_featured_media_url":"https:\/\/zonaroja.com.mx\/wp-content\/uploads\/2020\/11\/Conferencia-de-prensa-normalistas.jpg","jetpack_sharing_enabled":true,"_links":{"self":[{"href":"https:\/\/zonaroja.com.mx\/index.php?rest_route=\/wp\/v2\/posts\/19611","targetHints":{"allow":["GET"]}}],"collection":[{"href":"https:\/\/zonaroja.com.mx\/index.php?rest_route=\/wp\/v2\/posts"}],"about":[{"href":"https:\/\/zonaroja.com.mx\/index.php?rest_route=\/wp\/v2\/types\/post"}],"author":[{"embeddable":true,"href":"https:\/\/zonaroja.com.mx\/index.php?rest_route=\/wp\/v2\/users\/2"}],"replies":[{"embeddable":true,"href":"https:\/\/zonaroja.com.mx\/index.php?rest_route=%2Fwp%2Fv2%2Fcomments&post=19611"}],"version-history":[{"count":1,"href":"https:\/\/zonaroja.com.mx\/index.php?rest_route=\/wp\/v2\/posts\/19611\/revisions"}],"predecessor-version":[{"id":19613,"href":"https:\/\/zonaroja.com.mx\/index.php?rest_route=\/wp\/v2\/posts\/19611\/revisions\/19613"}],"wp:featuredmedia":[{"embeddable":true,"href":"https:\/\/zonaroja.com.mx\/index.php?rest_route=\/wp\/v2\/media\/19612"}],"wp:attachment":[{"href":"https:\/\/zonaroja.com.mx\/index.php?rest_route=%2Fwp%2Fv2%2Fmedia&parent=19611"}],"wp:term":[{"taxonomy":"category","embeddable":true,"href":"https:\/\/zonaroja.com.mx\/index.php?rest_route=%2Fwp%2Fv2%2Fcategories&post=19611"},{"taxonomy":"post_tag","embeddable":true,"href":"https:\/\/zonaroja.com.mx\/index.php?rest_route=%2Fwp%2Fv2%2Ftags&post=19611"}],"curies":[{"name":"wp","href":"https:\/\/api.w.org\/{rel}","templated":true}]}}