{"id":19614,"date":"2020-11-03T21:39:52","date_gmt":"2020-11-04T03:39:52","guid":{"rendered":"http:\/\/www.zonaroja.com.mx\/?p=19614"},"modified":"2020-11-03T21:39:55","modified_gmt":"2020-11-04T03:39:55","slug":"apoya-aleida-ruiz-candidata-a-premio-de-la-paz-en-campana-pro-ninez","status":"publish","type":"post","link":"https:\/\/zonaroja.com.mx\/?p=19614","title":{"rendered":"Apoya Aleida Ruiz, candidata a Premio de la Paz, en campa\u00f1a pro ni\u00f1ez"},"content":{"rendered":"\n<p>Redacci\u00f3n\/Zona Roja.<\/p>\n\n\n\n<p>Oaxaca de Ju\u00e1rez, Oax., 3 de noviembre de 2020.- La campa\u00f1a \u201c1,2,3, por ti\u201d, que tiene como objetivo conocer de viva voz de ni\u00f1as, ni\u00f1os y adolescentes de Oaxaca c\u00f3mo han vivido la pandemia en distintos rubros como educaci\u00f3n, salud, entretenimiento y el ejercicio de sus derechos, inici\u00f3 este martes 3 de noviembre, con un panel l\u00fadico en el que participaron ni\u00f1as, ni\u00f1os y adolescentes, as\u00ed como servidores p\u00fablicos, inform\u00f3 la DDHPO.<\/p>\n\n\n\n<p>La estrategia que busca incidir en la formulaci\u00f3n de pol\u00edticas p\u00fablicas a partir de la participaci\u00f3n de infantes, estuvo moderada por la bailarina oaxaque\u00f1a y candidata al Premio de la Paz, Aleida Ruiz Sosa, detall\u00f3 el organismo en un comunicado.<\/p>\n\n\n\n<p>Asimismo, tomaron parte con sus opiniones la ni\u00f1a Nadxieli Lizbeth Antonio Jim\u00e9nez, de Ocotl\u00e1n de Morelos; la adolescente Evelyn Naomi L\u00f3pez P\u00e9rez, de Lomas de San Jacinto, y el ni\u00f1o Irvin Hern\u00e1ndez Ram\u00edrez, de Zaachila.<\/p>\n\n\n\n<p>La presentaci\u00f3n de la campa\u00f1a cont\u00f3 tambi\u00e9n con la asistencia de la secretaria Ejecutiva del Sistema Local de Protecci\u00f3n de los Derechos de Ni\u00f1as, Ni\u00f1os y Adolescentes del Estado de Oaxaca (Sippina) Rosario Villalobos Rueda.<\/p>\n\n\n\n<p>La procuradora de Protecci\u00f3n de los Derechos de Ni\u00f1as, Ni\u00f1os y Adolescentes del Estado de Oaxaca, Mar\u00eda Cristina Susana P\u00e9rez Guerrero Zamora; el rector de la Universidad Aut\u00f3noma \u201cBenito Ju\u00e1rez\u201d de Oaxaca (UABJO), Eduardo Bautista Mart\u00ednez, y el defensor de los Derechos Humanos de Pueblo de Oaxaca, Bernardo Rodr\u00edguez Alamilla.<\/p>\n\n\n\n<p>En su intervenci\u00f3n, el ombudsperson resalt\u00f3 la importancia de que ni\u00f1as, ni\u00f1os y adolescentes tengan conocimiento sobre sus derechos y los hagan exigibles ante las instituciones p\u00fablicas y quienes se encuentran al frente de las mismas.<\/p>\n\n\n\n<p>Indic\u00f3 que el di\u00e1logo con ni\u00f1as, ni\u00f1os y adolescentes es fundamental para conocer sus inquietudes y preocupaciones, adem\u00e1s que, al establecer mecanismos de comunicaci\u00f3n con este sector de la sociedad es posible promover en forma m\u00e1s eficaz la cultura de respeto y promoci\u00f3n de sus derechos.<\/p>\n\n\n\n<p>Durante el panel de lanzamiento de la campa\u00f1a \u201c1,2,3, por ti\u201d Nadxieli, Evelyn e Irvin, coincidieron en se\u00f1alar que la pandemia modific\u00f3 sus vidas y enfrentan grandes retos por el aislamiento, en materia econ\u00f3mica y educativa.<\/p>\n\n\n\n<p>En su oportunidad, Villalobos Rueda sostuvo que es momento que la sociedad y las instituciones comiencen a transformar el paradigma adultocentrista y escuchen a ni\u00f1as, ni\u00f1os y adolescentes para incorporar su opini\u00f3n a las pol\u00edticas p\u00fablicas.<\/p>\n\n\n\n<p>Mientras que, la procuradora de Protecci\u00f3n de los Derechos de Ni\u00f1as, Ni\u00f1os y Adolescentes puso a disposici\u00f3n de ni\u00f1as, ni\u00f1os y adolescentes el n\u00famero telef\u00f3nico 951 133 90 01, en caso de que requieran atenci\u00f3n por alguna situaci\u00f3n de violencia o agresiones en el hogar.<\/p>\n\n\n\n<p>Por su parte, el rector de la UABJO, Eduardo Bautista Mart\u00ednez dijo que es muy importante para ni\u00f1as, ni\u00f1os y adolescentes conozcan y exijan sus derechos humanos, adem\u00e1s de que desde esta perspectiva se puede promover una cultura de la no discriminaci\u00f3n y el respeto a la dignidad de las personas.<\/p>\n\n\n\n<p>Asimismo, la ni\u00f1a, ni\u00f1o y adolescente participantes externaron sus preocupaciones respecto a la situaci\u00f3n que enfrentan durante la pandemia, se\u00f1alaron como ejemplo que, desde su perspectiva la educaci\u00f3n ya no es gratuita, ya que la modalidad a distancia en ocasiones se vuelve inaccesible debido a que sus familias no cuentan con los recursos econ\u00f3micos suficientes para acceder a un servicio de internet o comunicaci\u00f3n continua por celular.<\/p>\n\n\n\n<p>Agregaron que deben enfrentar la barrera de que en sus comunidades no se cuenta con toda la infraestructura necesaria para que ellas y ellos puedan acceder a diversos servicios de telecomunicaciones, as\u00ed como problemas de comunicaci\u00f3n para personas con discapacidad.<\/p>\n\n\n\n<p>Durante la charla, Nadxieli Lizbeth, Evelyn e Irving se dirigieron a las y los servidores p\u00fablicos presentes para externar sus preocupaciones y solicitar que sus opiniones y peticiones se transformen en acciones concretas que resuelvan sus inquietudes.<\/p>\n\n\n\n<p>La campa\u00f1a es producto de un esfuerzo colaborativo entre la Defensor\u00eda de los Derechos Humanos del Pueblo de Oaxaca; Solidaridad Internacional Kanda A.C, World Vision M\u00e9xico a trav\u00e9s de su programa Campos de Esperanza.<\/p>\n\n\n\n<p>Tambi\u00e9n, la UABJO representada por la defensora de los Derechos Universitarios, Yarib Hern\u00e1ndez Garc\u00eda; el Sistema Local de Protecci\u00f3n de los Derechos de Ni\u00f1as, Ni\u00f1os y Adolescentes, as\u00ed como la Procuradur\u00eda de Protecci\u00f3n de los Derechos de Ni\u00f1as, Ni\u00f1os y Adolescentes del Estado de Oaxaca.<\/p>\n\n\n\n<p>Ante ello, a partir del 3 de noviembre y hasta el 30 de este mismo mes, se recibir\u00e1n videos, tik toks, dibujos, audios, cartas o distintas formas de expresi\u00f3n a trav\u00e9s del enlace https:\/\/bit.ly\/3dMOnrT o bien, al n\u00famero de WhatsApp 951 229 06 70 y en radios comunitarias participantes.<\/p>\n\n\n\n<p>La convocatoria est\u00e1 disponible en la p\u00e1gina www.derechoshumanosoaxaca.org las y los invitamos a participar.<\/p>\n","protected":false},"excerpt":{"rendered":"<p>Redacci\u00f3n\/Zona Roja. Oaxaca de Ju\u00e1rez, Oax., 3 de noviembre de 2020.- La campa\u00f1a \u201c1,2,3, por&hellip;<\/p>\n","protected":false},"author":2,"featured_media":19615,"comment_status":"closed","ping_status":"open","sticky":false,"template":"","format":"standard","meta":{"_lmt_disableupdate":"","_lmt_disable":"","_jetpack_memberships_contains_paid_content":false,"footnotes":""},"categories":[109,46],"tags":[286],"class_list":["post-19614","post","type-post","status-publish","format-standard","has-post-thumbnail","hentry","category-minuto-a-minuto","category-zona-blanca","tag-defensoria-de-los-derechos-humanos-del-pueblo-de-oaxaca"],"jetpack_featured_media_url":"https:\/\/zonaroja.com.mx\/wp-content\/uploads\/2020\/11\/3-noviembre-Arranca-campana-123-por-ti-1.jpg","jetpack_sharing_enabled":true,"_links":{"self":[{"href":"https:\/\/zonaroja.com.mx\/index.php?rest_route=\/wp\/v2\/posts\/19614","targetHints":{"allow":["GET"]}}],"collection":[{"href":"https:\/\/zonaroja.com.mx\/index.php?rest_route=\/wp\/v2\/posts"}],"about":[{"href":"https:\/\/zonaroja.com.mx\/index.php?rest_route=\/wp\/v2\/types\/post"}],"author":[{"embeddable":true,"href":"https:\/\/zonaroja.com.mx\/index.php?rest_route=\/wp\/v2\/users\/2"}],"replies":[{"embeddable":true,"href":"https:\/\/zonaroja.com.mx\/index.php?rest_route=%2Fwp%2Fv2%2Fcomments&post=19614"}],"version-history":[{"count":1,"href":"https:\/\/zonaroja.com.mx\/index.php?rest_route=\/wp\/v2\/posts\/19614\/revisions"}],"predecessor-version":[{"id":19616,"href":"https:\/\/zonaroja.com.mx\/index.php?rest_route=\/wp\/v2\/posts\/19614\/revisions\/19616"}],"wp:featuredmedia":[{"embeddable":true,"href":"https:\/\/zonaroja.com.mx\/index.php?rest_route=\/wp\/v2\/media\/19615"}],"wp:attachment":[{"href":"https:\/\/zonaroja.com.mx\/index.php?rest_route=%2Fwp%2Fv2%2Fmedia&parent=19614"}],"wp:term":[{"taxonomy":"category","embeddable":true,"href":"https:\/\/zonaroja.com.mx\/index.php?rest_route=%2Fwp%2Fv2%2Fcategories&post=19614"},{"taxonomy":"post_tag","embeddable":true,"href":"https:\/\/zonaroja.com.mx\/index.php?rest_route=%2Fwp%2Fv2%2Ftags&post=19614"}],"curies":[{"name":"wp","href":"https:\/\/api.w.org\/{rel}","templated":true}]}}