{"id":19617,"date":"2020-11-03T21:57:02","date_gmt":"2020-11-04T03:57:02","guid":{"rendered":"http:\/\/www.zonaroja.com.mx\/?p=19617"},"modified":"2020-11-03T21:57:05","modified_gmt":"2020-11-04T03:57:05","slug":"llega-oaxaca-a-las-21-mil-501-personas-contagiadas-por-covid","status":"publish","type":"post","link":"https:\/\/zonaroja.com.mx\/?p=19617","title":{"rendered":"Llega Oaxaca a las 21 mil 501 personas contagiadas por Covid"},"content":{"rendered":"\n<p>Redacci\u00f3n\/Zona Roja.<\/p>\n\n\n\n<p>Oaxaca de Ju\u00e1rez, Oax., 3 de noviembre de 2020.- La dependencia Servicios de Salud de Oaxaca (SSO) inform\u00f3 que a la fecha, existen 21 mil 501 contagios acumulados, con la suma de 67 nuevos casos.<\/p>\n\n\n\n<p>Mientras que en defunciones, se alcanzaron las mil 722 con el reporte de 14 casos m\u00e1s; confirmados por laboratorio (mil 658), por asociaci\u00f3n epidemiol\u00f3gica (56) y dictamen m\u00e9dico (ocho), al corte de hoy.<\/p>\n\n\n\n<p>En un comunicado, expuso que los contagios de las \u00faltimas 24 horas pertenecen a 30 municipios, principalmente: Oaxaca de Ju\u00e1rez con 21, Heroica Cuidad de Huajuapan de Le\u00f3n con seis, Villa de Zaachila con cuatro, Santa Cruz Xoxocotl\u00e1n con tres, el resto dos y un paciente.<\/p>\n\n\n\n<p>La distribuci\u00f3n geogr\u00e1fica de los casos acumulado se encuentra de la siguiente manera: 14 mil 365 en Valles Centrales, dos mil 100 en el Istmo, mil 827 en Tuxtepec, mil 556 en la Mixteca, mil 087 en la Costa y 566 en la Sierra.<\/p>\n\n\n\n<p>De la misma manera, se\u00f1al\u00f3 que a la fecha hay nueve mil 332 negativos, tres mil 400 sospechosos y 19 mil 245 personas que han recibido el alta m\u00e9dica por mejor\u00eda.<\/p>\n\n\n\n<p>As\u00ed tambi\u00e9n se tiene el global de tres mil 082 trabajadores de Salud positivos a la patolog\u00eda v\u00edrica, de esta cifra 925 son m\u00e9dicos, mil 218 personal de enfermer\u00eda y 939 de otras \u00e1reas afines.<\/p>\n\n\n\n<p>De acuerdo al reporte de los Servicios de Salud de Oaxaca (SSO) la disponibilidad de camas para atender a pacientes que presentan complicaciones a causa del COVID-19, sin ventilador es del 64.1%, mientras que con asistencia mec\u00e1nica ventilatoria es del 75.8%; es decir, se cuenta con un 68.5% de disponibilidad hospitalaria en la entidad.<\/p>\n\n\n\n<p>Por instituci\u00f3n, los SSO tienen 24.5% de ocupaci\u00f3n de camas, el Hospital Regional de Alta Especialidad de Oaxaca (HRAEO) el 100%, el Hospital de la Ni\u00f1ez Oaxaque\u00f1a con 50%, Sedena con 27.5%, el ISSSTE con 47.2%, IMSS con 25.6%, IMSS-Bienestar con 25.4%, Pemex con 25%, Semar con 23.5% y hospitales privados con 50 %.<\/p>\n\n\n\n<p>Indic\u00f3 que el porcentaje de la epidemia activa en Oaxaca es del 2.5% en relaci\u00f3n al total de los casos positivos acumulados, al contabilizar este martes 545 pacientes que enfermaron en los \u00faltimos 14 d\u00edas y quienes pueden a\u00fan propagar el virus.<\/p>\n","protected":false},"excerpt":{"rendered":"<p>Redacci\u00f3n\/Zona Roja. Oaxaca de Ju\u00e1rez, Oax., 3 de noviembre de 2020.- La dependencia Servicios de&hellip;<\/p>\n","protected":false},"author":2,"featured_media":19618,"comment_status":"closed","ping_status":"open","sticky":false,"template":"","format":"standard","meta":{"_lmt_disableupdate":"","_lmt_disable":"","_jetpack_memberships_contains_paid_content":false,"footnotes":""},"categories":[109,47],"tags":[1512],"class_list":["post-19617","post","type-post","status-publish","format-standard","has-post-thumbnail","hentry","category-minuto-a-minuto","category-zona-gris","tag-coronavirus-oaxaca"],"jetpack_featured_media_url":"https:\/\/zonaroja.com.mx\/wp-content\/uploads\/2020\/11\/WhatsApp-Image-2020-11-03-at-9.03.40-PM.jpeg","jetpack_sharing_enabled":true,"_links":{"self":[{"href":"https:\/\/zonaroja.com.mx\/index.php?rest_route=\/wp\/v2\/posts\/19617","targetHints":{"allow":["GET"]}}],"collection":[{"href":"https:\/\/zonaroja.com.mx\/index.php?rest_route=\/wp\/v2\/posts"}],"about":[{"href":"https:\/\/zonaroja.com.mx\/index.php?rest_route=\/wp\/v2\/types\/post"}],"author":[{"embeddable":true,"href":"https:\/\/zonaroja.com.mx\/index.php?rest_route=\/wp\/v2\/users\/2"}],"replies":[{"embeddable":true,"href":"https:\/\/zonaroja.com.mx\/index.php?rest_route=%2Fwp%2Fv2%2Fcomments&post=19617"}],"version-history":[{"count":1,"href":"https:\/\/zonaroja.com.mx\/index.php?rest_route=\/wp\/v2\/posts\/19617\/revisions"}],"predecessor-version":[{"id":19619,"href":"https:\/\/zonaroja.com.mx\/index.php?rest_route=\/wp\/v2\/posts\/19617\/revisions\/19619"}],"wp:featuredmedia":[{"embeddable":true,"href":"https:\/\/zonaroja.com.mx\/index.php?rest_route=\/wp\/v2\/media\/19618"}],"wp:attachment":[{"href":"https:\/\/zonaroja.com.mx\/index.php?rest_route=%2Fwp%2Fv2%2Fmedia&parent=19617"}],"wp:term":[{"taxonomy":"category","embeddable":true,"href":"https:\/\/zonaroja.com.mx\/index.php?rest_route=%2Fwp%2Fv2%2Fcategories&post=19617"},{"taxonomy":"post_tag","embeddable":true,"href":"https:\/\/zonaroja.com.mx\/index.php?rest_route=%2Fwp%2Fv2%2Ftags&post=19617"}],"curies":[{"name":"wp","href":"https:\/\/api.w.org\/{rel}","templated":true}]}}