{"id":19620,"date":"2020-11-04T08:00:46","date_gmt":"2020-11-04T14:00:46","guid":{"rendered":"http:\/\/www.zonaroja.com.mx\/?p=19620"},"modified":"2020-11-03T22:08:15","modified_gmt":"2020-11-04T04:08:15","slug":"apoya-diputado-reforma-fiscal-para-beneficiar-a-empresas-forestales","status":"publish","type":"post","link":"https:\/\/zonaroja.com.mx\/?p=19620","title":{"rendered":"Apoya diputado reforma fiscal para beneficiar a empresas forestales"},"content":{"rendered":"\n<p>Redacci\u00f3n\/Zona Roja.<\/p>\n\n\n\n<p>Oaxaca de Ju\u00e1rez, Oax., 4 de noviembre de 2020.- El diputado Horacio Sosa Villavicencio, presidente de la Junta de Coordinaci\u00f3n Pol\u00edtica (Jucopo) del Congreso local, sostuvo una reuni\u00f3n con autoridades de la Sierra Sur de Oaxaca, a fin de construir acciones en beneficio de las empresas forestales comunitarias con las que cuenta la zona.<\/p>\n\n\n\n<p>Durante el encuentro, el legislador por el Partido Morena escuch\u00f3 las opiniones de las autoridades sobre la iniciativa de reforma fiscal para el trato justo de las empresas forestales comunitarias, que actualmente se discute en la C\u00e1mara de Diputados federal.<\/p>\n\n\n\n<p>Al respecto, se\u00f1al\u00f3 que el objetivo de la reuni\u00f3n es promover cambios en la propuesta elaborada por la Secretar\u00eda de Hacienda sobre el pago de impuestos para el r\u00e9gimen al sector primario, Actividades agr\u00edcolas, Ganaderas, Silv\u00edcolas y Pesqueras (Agapes).<\/p>\n\n\n\n<p>Indic\u00f3 que las comunidades forestales tienen un nuevo frente de lucha: conseguir un trato fiscal justo; que el Estado reconozca, mediante un trato fiscal diferenciado, las inversiones que realizan en el \u00e1mbito social; pero tambi\u00e9n en la conservaci\u00f3n de los bosques.<\/p>\n\n\n\n<p>Reconoci\u00f3 que el trabajo de las comunidades forestales son un ejemplo, porque no s\u00f3lo son independientes en t\u00e9rminos econ\u00f3micos, sino que resguardan las principales \u00e1reas con riqueza natural en el pa\u00eds y en Oaxaca.<\/p>\n\n\n\n<p>En la reuni\u00f3n con comuneros de la Sierra Sur se cont\u00f3 con la participaci\u00f3n de la legisladora federal, Irma Juan Carlos, presidenta de la Comisi\u00f3n de Pueblos Ind\u00edgenas en el Congreso de la Uni\u00f3n, misma que se pronunci\u00f3 a favor del impulso del manejo forestal comunitario con una legislaci\u00f3n para que las comunidades reciban un trato fiscal justo.<\/p>\n","protected":false},"excerpt":{"rendered":"<p>Redacci\u00f3n\/Zona Roja. Oaxaca de Ju\u00e1rez, Oax., 4 de noviembre de 2020.- El diputado Horacio Sosa&hellip;<\/p>\n","protected":false},"author":2,"featured_media":19621,"comment_status":"closed","ping_status":"open","sticky":false,"template":"","format":"standard","meta":{"_lmt_disableupdate":"","_lmt_disable":"","_jetpack_memberships_contains_paid_content":false,"footnotes":""},"categories":[109,46],"tags":[444],"class_list":["post-19620","post","type-post","status-publish","format-standard","has-post-thumbnail","hentry","category-minuto-a-minuto","category-zona-blanca","tag-horacio-sosa-villavicencio"],"jetpack_featured_media_url":"https:\/\/zonaroja.com.mx\/wp-content\/uploads\/2020\/11\/FOTO-2-Se-reune-diputado-Horacio-Sosa-Villavicencio-con-autoridades-comunitarias-de-la-Sierra-Sur.jpeg","jetpack_sharing_enabled":true,"_links":{"self":[{"href":"https:\/\/zonaroja.com.mx\/index.php?rest_route=\/wp\/v2\/posts\/19620","targetHints":{"allow":["GET"]}}],"collection":[{"href":"https:\/\/zonaroja.com.mx\/index.php?rest_route=\/wp\/v2\/posts"}],"about":[{"href":"https:\/\/zonaroja.com.mx\/index.php?rest_route=\/wp\/v2\/types\/post"}],"author":[{"embeddable":true,"href":"https:\/\/zonaroja.com.mx\/index.php?rest_route=\/wp\/v2\/users\/2"}],"replies":[{"embeddable":true,"href":"https:\/\/zonaroja.com.mx\/index.php?rest_route=%2Fwp%2Fv2%2Fcomments&post=19620"}],"version-history":[{"count":1,"href":"https:\/\/zonaroja.com.mx\/index.php?rest_route=\/wp\/v2\/posts\/19620\/revisions"}],"predecessor-version":[{"id":19622,"href":"https:\/\/zonaroja.com.mx\/index.php?rest_route=\/wp\/v2\/posts\/19620\/revisions\/19622"}],"wp:featuredmedia":[{"embeddable":true,"href":"https:\/\/zonaroja.com.mx\/index.php?rest_route=\/wp\/v2\/media\/19621"}],"wp:attachment":[{"href":"https:\/\/zonaroja.com.mx\/index.php?rest_route=%2Fwp%2Fv2%2Fmedia&parent=19620"}],"wp:term":[{"taxonomy":"category","embeddable":true,"href":"https:\/\/zonaroja.com.mx\/index.php?rest_route=%2Fwp%2Fv2%2Fcategories&post=19620"},{"taxonomy":"post_tag","embeddable":true,"href":"https:\/\/zonaroja.com.mx\/index.php?rest_route=%2Fwp%2Fv2%2Ftags&post=19620"}],"curies":[{"name":"wp","href":"https:\/\/api.w.org\/{rel}","templated":true}]}}