{"id":19623,"date":"2020-11-04T09:00:23","date_gmt":"2020-11-04T15:00:23","guid":{"rendered":"http:\/\/www.zonaroja.com.mx\/?p=19623"},"modified":"2020-11-03T22:13:01","modified_gmt":"2020-11-04T04:13:01","slug":"apenas-6-de-comercios-inscritos-al-buen-fin-en-tuxtepec-canaco-servytur","status":"publish","type":"post","link":"https:\/\/zonaroja.com.mx\/?p=19623","title":{"rendered":"Apenas 6 % de comercios inscritos al Buen Fin en Tuxtepec: Canaco- Servytur"},"content":{"rendered":"\n<p>Yuridiana Sosa\/Zona Roja. <\/p>\n\n\n\n<p>San Juan Bautista Tuxtepec, Oax., 4 de noviembre de 2020.- A una semana que inicie la d\u00e9cima edici\u00f3n del Buen Fin, a celebrarse entre el 9 y 20 de noviembre, apenas un seis por ciento de los comerciantes adheridos a la C\u00e1mara Nacional de Comercio, Servicios y Turismo (Canaco-Servytur), se han inscrito a este programa comercial.<\/p>\n\n\n\n<p>De los 550 miembros de la Canaco, hasta este martes apenas se hab\u00edan inscrito 35, inform\u00f3 el presidente de la C\u00e1mara, Jorge Osorio Velasco, quien a trav\u00e9s de una conferencia de prensa, llam\u00f3 al sector empresarial del orden local a unirse para reactivar la econom\u00eda, luego de las afectaciones frente a la pandemia.<\/p>\n\n\n\n<p>El n\u00famero de comercios participantes para este a\u00f1o todav\u00eda se encuentra por debajo de los 58 participantes del 2019 inscritos a trav\u00e9s de la Canaco, sin embargo, se espera que en el transcurso de la semana se sumen otros establecimientos formales.<\/p>\n\n\n\n<p>Osorio Velasco se\u00f1al\u00f3 que debido a la contingencia causada por la pandemia del Covid-19, se estima que este a\u00f1o el 50 o 60 por ciento de las compras sean en l\u00ednea, mientras que en a\u00f1os anteriores el 65 por ciento de las compras se efectuaban en efectivo.<\/p>\n\n\n\n<p>El escenario econ\u00f3mico no permiti\u00f3 ofrecer un panorama sobre la derrama econ\u00f3mica que se espera para este a\u00f1o, pero sin duda, es una oportunidad para \u201clevantar\u201d las ventas de productos y servicios.<\/p>\n\n\n\n<p>En tanto, la Direcci\u00f3n de Comercio del ayuntamiento de Tuxtepec indic\u00f3 que durante los 12 d\u00edas del programa, verificar\u00e1n que en los establecimientos se cumplan las medidas de sanidad para evitar aglomeraciones.<\/p>\n\n\n\n<p>As\u00ed como evitar\u00e1n que el comercio formal expenda sus productos en la v\u00eda p\u00fablica y el comercio informal abarque m\u00e1s espacio del permitido.<\/p>\n","protected":false},"excerpt":{"rendered":"<p>Yuridiana Sosa\/Zona Roja. San Juan Bautista Tuxtepec, Oax., 4 de noviembre de 2020.- A una&hellip;<\/p>\n","protected":false},"author":2,"featured_media":19624,"comment_status":"closed","ping_status":"open","sticky":false,"template":"","format":"standard","meta":{"_lmt_disableupdate":"","_lmt_disable":"","_jetpack_memberships_contains_paid_content":false,"footnotes":""},"categories":[109,47],"tags":[118],"class_list":["post-19623","post","type-post","status-publish","format-standard","has-post-thumbnail","hentry","category-minuto-a-minuto","category-zona-gris","tag-san-juan-bautista-tuxtepec"],"jetpack_featured_media_url":"https:\/\/zonaroja.com.mx\/wp-content\/uploads\/2020\/11\/Canaco-Tuxtepec.jpg","jetpack_sharing_enabled":true,"_links":{"self":[{"href":"https:\/\/zonaroja.com.mx\/index.php?rest_route=\/wp\/v2\/posts\/19623","targetHints":{"allow":["GET"]}}],"collection":[{"href":"https:\/\/zonaroja.com.mx\/index.php?rest_route=\/wp\/v2\/posts"}],"about":[{"href":"https:\/\/zonaroja.com.mx\/index.php?rest_route=\/wp\/v2\/types\/post"}],"author":[{"embeddable":true,"href":"https:\/\/zonaroja.com.mx\/index.php?rest_route=\/wp\/v2\/users\/2"}],"replies":[{"embeddable":true,"href":"https:\/\/zonaroja.com.mx\/index.php?rest_route=%2Fwp%2Fv2%2Fcomments&post=19623"}],"version-history":[{"count":2,"href":"https:\/\/zonaroja.com.mx\/index.php?rest_route=\/wp\/v2\/posts\/19623\/revisions"}],"predecessor-version":[{"id":19626,"href":"https:\/\/zonaroja.com.mx\/index.php?rest_route=\/wp\/v2\/posts\/19623\/revisions\/19626"}],"wp:featuredmedia":[{"embeddable":true,"href":"https:\/\/zonaroja.com.mx\/index.php?rest_route=\/wp\/v2\/media\/19624"}],"wp:attachment":[{"href":"https:\/\/zonaroja.com.mx\/index.php?rest_route=%2Fwp%2Fv2%2Fmedia&parent=19623"}],"wp:term":[{"taxonomy":"category","embeddable":true,"href":"https:\/\/zonaroja.com.mx\/index.php?rest_route=%2Fwp%2Fv2%2Fcategories&post=19623"},{"taxonomy":"post_tag","embeddable":true,"href":"https:\/\/zonaroja.com.mx\/index.php?rest_route=%2Fwp%2Fv2%2Ftags&post=19623"}],"curies":[{"name":"wp","href":"https:\/\/api.w.org\/{rel}","templated":true}]}}