{"id":19634,"date":"2020-11-04T08:14:44","date_gmt":"2020-11-04T14:14:44","guid":{"rendered":"http:\/\/www.zonaroja.com.mx\/?p=19634"},"modified":"2020-11-04T08:14:48","modified_gmt":"2020-11-04T14:14:48","slug":"muertos-y-semaforo-epidemiologico-en-cuadernos-de-la-pandemia-14","status":"publish","type":"post","link":"https:\/\/zonaroja.com.mx\/?p=19634","title":{"rendered":"Muertos y sem\u00e1foro epidemiol\u00f3gico, en Cuadernos de la Pandemia 14"},"content":{"rendered":"\n<p>Evlin Arag\u00f3n\/Zona Roja.<\/p>\n\n\n\n<p>Oaxaca de Ju\u00e1rez, Oax., 4 de noviembre de 2020.- Una cr\u00edtica a las autoridades por su actuar ante la contingencia sanitaria del Covid que lleg\u00f3 a su s\u00e9ptimo mes y el impacto de la misma en torno a las tradiciones del D\u00eda de Muertos en la entidad oaxaque\u00f1a, forman parte del m\u00e1s reciente n\u00famero de \u201cCuadernos de Pandemia\u201d que mantiene el compromiso de documentar los tiempos actuales.<\/p>\n\n\n\n<p>El sem\u00e1foro epidemiol\u00f3gico y su manipulaci\u00f3n por parte de las autoridades son analizados en el m\u00e1s reciente n\u00famero de la revista, llegando a la conclusi\u00f3n que en Oaxaca ha triunfado el af\u00e1n por aparentar que la pandemia est\u00e1 controlada, que la propia estrategia de atenci\u00f3n y mitigaci\u00f3n de la misma.<\/p>\n\n\n\n<p>\u201cLa autoridad sanitaria federal reconoci\u00f3 un repunte de contagios en nueve entidades del pa\u00eds, pero a la hora de determinar los colores solamente Chihuahua retorn\u00f3 al sem\u00e1foro rojo y Oaxaca, que se encuentra en fase de repunte, transit\u00f3 de naranja a amarillo\u201d, refiere en la editorial.<\/p>\n\n\n\n<p>Pese a que el color amarillo est\u00e1 muy cerca del verde \u2013ideal al que aspiran la mayor\u00eda de la entidades- la realidad es que en estos momentos de festividades est\u00e1 m\u00e1s cerca de representar al color del cempas\u00fachil o flor de muertos ya que se espera un aumento significativo en los casos, como ha sucedi\u00f3 meses atr\u00e1s en donde se relajaron las medidas de prevenci\u00f3n al contagio.&nbsp;&nbsp;&nbsp;<\/p>\n\n\n\n<p>\u201cUn amarillo que ya hab\u00eda probado su letalidad un mes atr\u00e1s y que, con los escasos controles ejercidos tanto por el Gobierno del Estado como por los gobiernos municipales, seguramente acelerar\u00e1 el repunte de contagios y reactivar\u00e1 el \u00edndice de letalidad en la entidad, sobre todo en los municipios con mayor movilidad poblacional de los Valles Centrales\u201d.<\/p>\n\n\n\n<p>La falta de acciones contundentes por parte de las autoridades federales y estatales, as\u00ed como la irresponsabilidad ciudadana siguen siendo las principales responsables de que los contagios por Covid-19 sigan al alza y se vea muy lejano el fin de la pandemia, particularmente con un segundo brote en pa\u00edses europeos.<\/p>\n\n\n\n<p>Las festividades de Muertos en Oaxaca con todo y restricciones, la importancia del ejercicio de la profesi\u00f3n m\u00e9dica, los usos y abuso comerciales de las vacunas anticovid, la suspensi\u00f3n de festejos decembrinos, as\u00ed como una semblanza del reci\u00e9n fallecido obispo em\u00e9rito de Tehuantepec, Arturo Lona Reyes, forman parte de esta edici\u00f3n.&nbsp;<\/p>\n\n\n\n<p>Las tradiciones de muertos en tiempos de Covid-19 se reflejan en los textos \u201cZoochila y el llamado de las almas\u201d; \u201cIstmo: En Todosantos los muertos tienen permiso\u201d; \u201cLas comparsas de ayer y hoy en la ciudad de Oaxaca\u201d; \u201cTalea: \u2018Salgan, salgan, salgan, \u00e1nimas de pena\u2019\u201d; \u201cMuertos vivos\u201d.&nbsp;<\/p>\n\n\n\n<p>\u201cBazar Covid III: Vendimia de vacunas\u201d; \u201cD\u00eda del M\u00e9dico: \u00bfAlgo que festejar?\u201d; \u201cOaxaca: \u00bfimpunidad de reba\u00f1o?\u201d; \u201cEntre muertos y sem\u00e1foro para dalt\u00f3nicos\u201d; \u201cMuerto y Navidades: El fest\u00edn cancelado\u201d; \u201cCuadernos de la Pandemia en la FILOaxaca\u201d; \u201cLas causas de Lona Reyes\u201d; \u201cLa vida en tiempos de pandemia\u201d; as\u00ed como las calaveras pand\u00e9micas y el ensayo fotogr\u00e1fico que no ha faltado desde el inicio de la publicaci\u00f3n.&nbsp;<\/p>\n\n\n\n<p>Todo bajo las plumas de: Cipriano Miraflores, Guadalupe R\u00edos, Olga J. Montes Garc\u00eda, Rub\u00ed Bautista, Mar\u00eda de los \u00c1ngeles Romero Frizzi, Manuel Esparza, Bartolom\u00e9 Rodolfo Navarro Jim\u00e9nez, H\u00e9ctor Eloy \u00c1lvarez Mart\u00ednez, Joel Vicente Cort\u00e9, Rodrigo Vel\u00e1squez Torres, Claudio S\u00e1nchez Islas, Isidoro Yescas y Samael Hern\u00e1ndez Ruiz.&nbsp;<\/p>\n","protected":false},"excerpt":{"rendered":"<p>Evlin Arag\u00f3n\/Zona Roja. Oaxaca de Ju\u00e1rez, Oax., 4 de noviembre de 2020.- Una cr\u00edtica a&hellip;<\/p>\n","protected":false},"author":2,"featured_media":19635,"comment_status":"closed","ping_status":"open","sticky":false,"template":"","format":"standard","meta":{"_lmt_disableupdate":"","_lmt_disable":"","_jetpack_memberships_contains_paid_content":false,"footnotes":""},"categories":[109,46],"tags":[1655],"class_list":["post-19634","post","type-post","status-publish","format-standard","has-post-thumbnail","hentry","category-minuto-a-minuto","category-zona-blanca","tag-cuadernos-de-la-pandemia"],"jetpack_featured_media_url":"https:\/\/zonaroja.com.mx\/wp-content\/uploads\/2020\/11\/Cuadernos-de-la-Pandemia-14.jpg","jetpack_sharing_enabled":true,"_links":{"self":[{"href":"https:\/\/zonaroja.com.mx\/index.php?rest_route=\/wp\/v2\/posts\/19634","targetHints":{"allow":["GET"]}}],"collection":[{"href":"https:\/\/zonaroja.com.mx\/index.php?rest_route=\/wp\/v2\/posts"}],"about":[{"href":"https:\/\/zonaroja.com.mx\/index.php?rest_route=\/wp\/v2\/types\/post"}],"author":[{"embeddable":true,"href":"https:\/\/zonaroja.com.mx\/index.php?rest_route=\/wp\/v2\/users\/2"}],"replies":[{"embeddable":true,"href":"https:\/\/zonaroja.com.mx\/index.php?rest_route=%2Fwp%2Fv2%2Fcomments&post=19634"}],"version-history":[{"count":1,"href":"https:\/\/zonaroja.com.mx\/index.php?rest_route=\/wp\/v2\/posts\/19634\/revisions"}],"predecessor-version":[{"id":19636,"href":"https:\/\/zonaroja.com.mx\/index.php?rest_route=\/wp\/v2\/posts\/19634\/revisions\/19636"}],"wp:featuredmedia":[{"embeddable":true,"href":"https:\/\/zonaroja.com.mx\/index.php?rest_route=\/wp\/v2\/media\/19635"}],"wp:attachment":[{"href":"https:\/\/zonaroja.com.mx\/index.php?rest_route=%2Fwp%2Fv2%2Fmedia&parent=19634"}],"wp:term":[{"taxonomy":"category","embeddable":true,"href":"https:\/\/zonaroja.com.mx\/index.php?rest_route=%2Fwp%2Fv2%2Fcategories&post=19634"},{"taxonomy":"post_tag","embeddable":true,"href":"https:\/\/zonaroja.com.mx\/index.php?rest_route=%2Fwp%2Fv2%2Ftags&post=19634"}],"curies":[{"name":"wp","href":"https:\/\/api.w.org\/{rel}","templated":true}]}}