{"id":1964,"date":"2019-07-01T21:02:24","date_gmt":"2019-07-02T02:02:24","guid":{"rendered":"http:\/\/www.zonaroja.com.mx\/?p=1964"},"modified":"2019-07-01T21:02:26","modified_gmt":"2019-07-02T02:02:26","slug":"siembran-terror-porros-en-la-uabjo-con-miras-a-la-sucesion","status":"publish","type":"post","link":"https:\/\/zonaroja.com.mx\/?p=1964","title":{"rendered":"Siembran terror \u201cporros\u201d en la UABJO con miras a la sucesi\u00f3n"},"content":{"rendered":"\n<p>Redacci\u00f3n<\/p>\n\n\n\n<p>Oaxaca de\nJu\u00e1rez, Oax., 1 de julio de 2019.- Un grupo de presuntos \u201cporros\u201d se apoder\u00f3\ncon violencia de la direcci\u00f3n de la Facultad de Contadur\u00eda y Administraci\u00f3n (FCA)\nde la Universidad Aut\u00f3noma \u201cBenito Ju\u00e1rez\u201d de Oaxaca, adem\u00e1s de realizar\ndisparos de arma de fuego al aire.<\/p>\n\n\n\n<p>Por lo anterior, los responsables de ese plantel, ubicado en la Ciudad Universitaria, en la capital, determinaron suspender las clases.<\/p>\n\n\n\n<figure class=\"wp-block-embed-twitter wp-block-embed is-type-rich is-provider-twitter\"><div class=\"wp-block-embed__wrapper\">\n<div class=\"twitter-tweet\"><blockquote class=\"twitter-tweet\" data-lang=\"es\"><p lang=\"es\" dir=\"ltr\"><a href=\"https:\/\/twitter.com\/hashtag\/OaxacaRojo?src=hash&amp;ref_src=twsrc%5Etfw\">#OaxacaRojo<\/a><br>A tres semanas de la <a href=\"https:\/\/twitter.com\/hashtag\/Guelaguetza2019?src=hash&amp;ref_src=twsrc%5Etfw\">#Guelaguetza2019<\/a>, no cesa la violencia en <a href=\"https:\/\/twitter.com\/hashtag\/Oaxaca?src=hash&amp;ref_src=twsrc%5Etfw\">#Oaxaca<\/a>; ahora reportan detonaciones de armas de fuego en la Facultad de Contadur\u00eda y Administraci\u00f3n de la UABJO, ubicada en Ciudad Universitaria. <a href=\"https:\/\/t.co\/hPk718E8Tb\">pic.twitter.com\/hPk718E8Tb<\/a><\/p>&mdash; Zona Roja Oaxaca (@MexRoja) <a href=\"https:\/\/twitter.com\/MexRoja\/status\/1145783132500549632?ref_src=twsrc%5Etfw\">1 de julio de 2019<\/a><\/blockquote><\/div>\n<\/div><\/figure>\n\n\n\n<p>Las acciones\nviolentas ocurrieron poco despu\u00e9s de las dos de la tarde de este lunes y\npresuntamente fueron \u201cporros\u201d encabezados por Alfonso Ortiz Cruz, alias \u201cEl\nKrusty\u201d, y que habr\u00eda sido enviado por el ex director de la Facultad, Geovanny Cabrera,\na fin de crear desestabilizaci\u00f3n.<\/p>\n\n\n\n<p>Ambos, seg\u00fan\nlos propios estudiantes, est\u00e1n identificados con Abraham Mart\u00ednez Alav\u00e9s y sus\nhijos Eduardo y Abraham Mart\u00ednez Helmes, quienes buscan posicionarse con base\nen la violencia para incidir en la sucesi\u00f3n de rector, que se elige a mediados\nde mayo del pr\u00f3ximo a\u00f1o.<\/p>\n\n\n\n<p>El abogado y\nasesor de la Facultad de Contadur\u00eda, Daniel Jim\u00e9nez Arango, confirm\u00f3 los hechos\ny dijo que se dio aviso al representante jur\u00eddico de la UABJO para que \u00e9ste a\nsu vez presente su denuncia ante la Fiscal\u00eda General del Estado, con el\nprop\u00f3sito de que se inicien las indagatorias.<\/p>\n\n\n\n<p>\u201cFueron los que se le denominan como \u2018porros\u2019, no los ubico, no s\u00e9 qui\u00e9nes sean, pero se tiene que investigar. Llegaron sorpresivamente, sacaron de manera violenta al personal\u201d, dijo en entrevista.<\/p>\n\n\n\n<figure class=\"wp-block-embed-twitter wp-block-embed is-type-rich is-provider-twitter\"><div class=\"wp-block-embed__wrapper\">\n<div class=\"twitter-tweet\"><blockquote class=\"twitter-tweet\" data-lang=\"es\"><p lang=\"es\" dir=\"ltr\"><a href=\"https:\/\/twitter.com\/hashtag\/OaxacaRojo?src=hash&amp;ref_src=twsrc%5Etfw\">#OaxacaRojo<\/a><br>El abogado de la Facultad de Contadur\u00eda y Administraci\u00f3n de la UABJO, Daniel Jim\u00e9nez Arango, confirma que hubo detonaciones de arma de fuego en el plantel, presuntamente por parte de \u201cporros\u201d. <a href=\"https:\/\/t.co\/FWYrVkbQH2\">pic.twitter.com\/FWYrVkbQH2<\/a><\/p>&mdash; Zona Roja Oaxaca (@MexRoja) <a href=\"https:\/\/twitter.com\/MexRoja\/status\/1145872674226364416?ref_src=twsrc%5Etfw\">2 de julio de 2019<\/a><\/blockquote><\/div>\n<\/div><\/figure>\n\n\n\n<p>En un\ncomunicado, la direcci\u00f3n del plantel tambi\u00e9n precis\u00f3 que se trat\u00f3 de \u201cun grupo\nde personas asociadas con el ex director de la FCA\u201d y que tambi\u00e9n se\nsuspendieron las actividades escolares en el Bachillerato Especializado en\nContadur\u00eda y Administraci\u00f3n, ubicado en el Centro Hist\u00f3rico de la ciudad de\nOaxaca.<\/p>\n","protected":false},"excerpt":{"rendered":"<p>Redacci\u00f3n Oaxaca de Ju\u00e1rez, Oax., 1 de julio de 2019.- Un grupo de presuntos \u201cporros\u201d&hellip;<\/p>\n","protected":false},"author":2,"featured_media":1965,"comment_status":"closed","ping_status":"open","sticky":false,"template":"","format":"standard","meta":{"_lmt_disableupdate":"","_lmt_disable":"","_jetpack_memberships_contains_paid_content":false,"footnotes":""},"categories":[109,51],"tags":[283,239],"class_list":["post-1964","post","type-post","status-publish","format-standard","has-post-thumbnail","hentry","category-minuto-a-minuto","category-zona-roja","tag-porros","tag-uabjo"],"jetpack_featured_media_url":"https:\/\/zonaroja.com.mx\/wp-content\/uploads\/2019\/07\/44179a97-6010-43b2-b0de-986521ba0292.jpg","jetpack_sharing_enabled":true,"_links":{"self":[{"href":"https:\/\/zonaroja.com.mx\/index.php?rest_route=\/wp\/v2\/posts\/1964","targetHints":{"allow":["GET"]}}],"collection":[{"href":"https:\/\/zonaroja.com.mx\/index.php?rest_route=\/wp\/v2\/posts"}],"about":[{"href":"https:\/\/zonaroja.com.mx\/index.php?rest_route=\/wp\/v2\/types\/post"}],"author":[{"embeddable":true,"href":"https:\/\/zonaroja.com.mx\/index.php?rest_route=\/wp\/v2\/users\/2"}],"replies":[{"embeddable":true,"href":"https:\/\/zonaroja.com.mx\/index.php?rest_route=%2Fwp%2Fv2%2Fcomments&post=1964"}],"version-history":[{"count":1,"href":"https:\/\/zonaroja.com.mx\/index.php?rest_route=\/wp\/v2\/posts\/1964\/revisions"}],"predecessor-version":[{"id":1966,"href":"https:\/\/zonaroja.com.mx\/index.php?rest_route=\/wp\/v2\/posts\/1964\/revisions\/1966"}],"wp:featuredmedia":[{"embeddable":true,"href":"https:\/\/zonaroja.com.mx\/index.php?rest_route=\/wp\/v2\/media\/1965"}],"wp:attachment":[{"href":"https:\/\/zonaroja.com.mx\/index.php?rest_route=%2Fwp%2Fv2%2Fmedia&parent=1964"}],"wp:term":[{"taxonomy":"category","embeddable":true,"href":"https:\/\/zonaroja.com.mx\/index.php?rest_route=%2Fwp%2Fv2%2Fcategories&post=1964"},{"taxonomy":"post_tag","embeddable":true,"href":"https:\/\/zonaroja.com.mx\/index.php?rest_route=%2Fwp%2Fv2%2Ftags&post=1964"}],"curies":[{"name":"wp","href":"https:\/\/api.w.org\/{rel}","templated":true}]}}