{"id":19640,"date":"2020-11-04T13:36:22","date_gmt":"2020-11-04T19:36:22","guid":{"rendered":"http:\/\/www.zonaroja.com.mx\/?p=19640"},"modified":"2020-11-04T13:36:26","modified_gmt":"2020-11-04T19:36:26","slug":"cocteles-con-causa-para-ayudar-a-la-familia-de-barman-asesinado","status":"publish","type":"post","link":"https:\/\/zonaroja.com.mx\/?p=19640","title":{"rendered":"\u201cCocteles con causa\u201d para ayudar a la familia de barman asesinado"},"content":{"rendered":"\n<p>Yuridiana Sosa\/Zona Roja.<\/p>\n\n\n\n<p>Oaxaca de Ju\u00e1rez, Oax., 4 de noviembre de 2020.- Con el fin de apoyar a la esposa e hija del joven asesinado en el Centro Hist\u00f3rico de la capital de Oaxaca, este mi\u00e9rcoles se llevar\u00e1 a cabo la recaudaci\u00f3n de fondos \u201cCocteles con causa\u201d en un restaurante en el centro de la capital del estado.<\/p>\n\n\n\n<p>La madrugada del 1 de noviembre, Armado Zen\u00f3n Garc\u00eda fue v\u00edctima de la inseguridad y delincuencia que impera en el centro la ciudad, luego de salir de trabajar en un restaurante, donde se desempe\u00f1aba como bartender.<\/p>\n\n\n\n<p>Ex compa\u00f1eros de la joven v\u00edctima organizaron una venta especial de bebidas, pues el total de lo obtenido ser\u00e1 entregado a la esposa y menor hija que dej\u00f3 en orfandad el trabajador del restaurante Los Danzantes, en el Centro Hist\u00f3rico.<\/p>\n\n\n\n<p>La actividad se llevar\u00e1 a cabo a partir de las 18:00 en un establecimiento con domicilio en la calle de Murguia 407.<\/p>\n\n\n\n<p>\u201cArmando era bartender y era parte de la gran familia de la industria de bares que existe en Oaxaca\u201d, indica la invitaci\u00f3n que se promueve en redes sociales.<\/p>\n\n\n\n<p>LOS HECHOS<\/p>\n\n\n\n<p>Mientras caminaba por la calle de Tinoco y Palacios, casi esquina con avenida Independencia, a unas tres cuadras del Palacio municipal de Oaxaca de Ju\u00e1rez y del cuartel de la polic\u00eda, el joven fue atacado por asaltantes.<\/p>\n\n\n\n<p>Los delincuentes lo hirieron a muerte con un arma blanca para despu\u00e9s emprender la huida ante la intervenci\u00f3n de unos ciudadanos que se aproximaron a ayudar a Armando, pero nada pudieron hacer.<\/p>\n\n\n\n<p>Zen\u00f3n Garc\u00eda perdi\u00f3 la vida minutos despu\u00e9s del ataque a la vista de ciudadanos que trataron de auxiliarlo para mantenerlo con vida.<\/p>\n","protected":false},"excerpt":{"rendered":"<p>Yuridiana Sosa\/Zona Roja. Oaxaca de Ju\u00e1rez, Oax., 4 de noviembre de 2020.- Con el fin&hellip;<\/p>\n","protected":false},"author":2,"featured_media":19641,"comment_status":"closed","ping_status":"open","sticky":false,"template":"","format":"standard","meta":{"_lmt_disableupdate":"","_lmt_disable":"","_jetpack_memberships_contains_paid_content":false,"footnotes":""},"categories":[109,47],"tags":[2166],"class_list":["post-19640","post","type-post","status-publish","format-standard","has-post-thumbnail","hentry","category-minuto-a-minuto","category-zona-gris","tag-armando-zenon-garcia"],"jetpack_featured_media_url":"https:\/\/zonaroja.com.mx\/wp-content\/uploads\/2020\/11\/Cocteles-con-causa.jpg","jetpack_sharing_enabled":true,"_links":{"self":[{"href":"https:\/\/zonaroja.com.mx\/index.php?rest_route=\/wp\/v2\/posts\/19640","targetHints":{"allow":["GET"]}}],"collection":[{"href":"https:\/\/zonaroja.com.mx\/index.php?rest_route=\/wp\/v2\/posts"}],"about":[{"href":"https:\/\/zonaroja.com.mx\/index.php?rest_route=\/wp\/v2\/types\/post"}],"author":[{"embeddable":true,"href":"https:\/\/zonaroja.com.mx\/index.php?rest_route=\/wp\/v2\/users\/2"}],"replies":[{"embeddable":true,"href":"https:\/\/zonaroja.com.mx\/index.php?rest_route=%2Fwp%2Fv2%2Fcomments&post=19640"}],"version-history":[{"count":1,"href":"https:\/\/zonaroja.com.mx\/index.php?rest_route=\/wp\/v2\/posts\/19640\/revisions"}],"predecessor-version":[{"id":19642,"href":"https:\/\/zonaroja.com.mx\/index.php?rest_route=\/wp\/v2\/posts\/19640\/revisions\/19642"}],"wp:featuredmedia":[{"embeddable":true,"href":"https:\/\/zonaroja.com.mx\/index.php?rest_route=\/wp\/v2\/media\/19641"}],"wp:attachment":[{"href":"https:\/\/zonaroja.com.mx\/index.php?rest_route=%2Fwp%2Fv2%2Fmedia&parent=19640"}],"wp:term":[{"taxonomy":"category","embeddable":true,"href":"https:\/\/zonaroja.com.mx\/index.php?rest_route=%2Fwp%2Fv2%2Fcategories&post=19640"},{"taxonomy":"post_tag","embeddable":true,"href":"https:\/\/zonaroja.com.mx\/index.php?rest_route=%2Fwp%2Fv2%2Ftags&post=19640"}],"curies":[{"name":"wp","href":"https:\/\/api.w.org\/{rel}","templated":true}]}}