{"id":19643,"date":"2020-11-04T13:41:03","date_gmt":"2020-11-04T19:41:03","guid":{"rendered":"http:\/\/www.zonaroja.com.mx\/?p=19643"},"modified":"2020-11-04T13:41:08","modified_gmt":"2020-11-04T19:41:08","slug":"no-cesan-las-protestas-de-feministas-contra-la-impunidad-y-la-violencia-en-oaxaca","status":"publish","type":"post","link":"https:\/\/zonaroja.com.mx\/?p=19643","title":{"rendered":"No cesan las protestas de feministas contra la impunidad y la violencia en Oaxaca"},"content":{"rendered":"\n<p>Evlin Arag\u00f3n\/Zona Roja.<\/p>\n\n\n\n<p>Oaxaca de Ju\u00e1rez, Oax., 4 de noviembre de 2020.- Un grupo de feministas con el rostro cubierto se aperson\u00f3 la tarde de este martes a las afueras de la Defensor\u00eda de los Derechos Humanos del Pueblo de Oaxaca (Ddhpo), en donde reclam\u00f3 el aumento de feminicidios en la entidad oaxaque\u00f1a y la falta de acciones contundentes por parte de las autoridades.<\/p>\n\n\n\n<p>Previamente se reunieron en el acceso principal del Pante\u00f3n General, de donde salieron caminando para posteriormente arribar a la instancia en defensa de los derechos humanos, donde colocaron decena de cruces y un f\u00e9retro color rosa para denunciar las recientes muertes violentas en contra de las mujeres que en Oaxaca suman 467 en la actual administraci\u00f3n, encabezada por Alejandro Murat.&nbsp;<\/p>\n\n\n\n<p>Las manifestantes instalaron barricadas en la calle de Derechos Humanos y realizaron pintas en el organismo p\u00fablico con las leyendas \u201cOaxaca feminicida\u201d, \u201cJuntas somos fuego\u201d, \u201cLas calles y las noches tambi\u00e9n son nuestras\u201d, adem\u00e1s que permanecieron en el lugar por m\u00e1s de cinco horas.&nbsp;&nbsp;<\/p>\n\n\n\n<p>De acuerdo con la convocatoria, la protesta estuvo acompa\u00f1ada de actividades art\u00edsticas como la lectura de poes\u00eda y un performance, adem\u00e1s que se instal\u00f3 de forma temporal una mercadita para intercambiar y vender productos realizados por las mujeres que se dieron cita.&nbsp;<\/p>\n\n\n\n<p>Desde hace un par de d\u00edas y aprovechando las festividades de D\u00eda de Muertos, han efectuado actos para nombrar de forma p\u00fablica a las mujeres que han sido v\u00edctimas de la violencia de g\u00e9nero y feminicida en Oaxaca, as\u00ed como exigir un alto a la simulaci\u00f3n por parte de las autoridades que, pese a sus informes positivos, no se traducen en la disminuci\u00f3n de casos.<\/p>\n\n\n\n<figure class=\"wp-block-embed-twitter wp-block-embed is-type-rich is-provider-twitter\"><div class=\"wp-block-embed__wrapper\">\n<div class=\"twitter-tweet\"><blockquote class=\"twitter-tweet\" data-lang=\"es\"><p lang=\"es\" dir=\"ltr\"><a href=\"https:\/\/twitter.com\/hashtag\/%C3%9AltimoMinuto?src=hash&amp;ref_src=twsrc%5Etfw\">#\u00daltimoMinuto<\/a> <br>As\u00ed quedaron las instalaciones de la Defensor\u00eda de los Derechos Humanos del Pueblo de Oaxaca (<a href=\"https:\/\/twitter.com\/DDHPO?ref_src=twsrc%5Etfw\">@DDHPO<\/a>), en la capital oaxaque\u00f1a, tras la protesta por varias horas de colectivos feministas, que protestan ante impunidad en feminicidios y desaparici\u00f3n de mujeres. <a href=\"https:\/\/t.co\/qeI37t5EOx\">pic.twitter.com\/qeI37t5EOx<\/a><\/p>&mdash; Zona Roja Oaxaca (@MexRoja) <a href=\"https:\/\/twitter.com\/MexRoja\/status\/1323977898143944704?ref_src=twsrc%5Etfw\">4 de noviembre de 2020<\/a><\/blockquote><\/div>\n<\/div><\/figure>\n\n\n\n<p>Por el contrario, las cifras de mujeres maltratadas, desaparecidas y asesinadas han ido en aumento, por lo que, sin importar la pandemia, han salido a las calles para exigir el cese y la erradicaci\u00f3n de la violencia en contra de las mujeres.&nbsp;&nbsp;<\/p>\n\n\n\n<p>As\u00ed lo hicieron para exigir la aparici\u00f3n con vida de Zayra Leticia Morales Loyola, joven desaparecida el 23 de octubre en Santa Mar\u00eda Xochitlapilco, Huajuapan de Le\u00f3n, cuyos familiares tambi\u00e9n marcharon en el municipio mixteco para denunciar que lejos de dar con el paradero de la joven, se est\u00e9 impulsado una campa\u00f1a de desprestigio con la que se busca justificar su desaparici\u00f3n.<\/p>\n\n\n\n<p>Mientras que el 31 de octubre instalaron un altar en la explanada de Santo Domingo para evidenciar los feminicidios y exigir a las autoridades el cumplimiento a los tratados internacionales y leyes nacionales que garantizan una vida libre de violencia para las mujeres.&nbsp;<\/p>\n\n\n\n<p>De acuerdo con Consorcio Oaxaca, en lo que va de la administraci\u00f3n de Alejandro Murat se han registrado, en los dos principales medios de comunicaci\u00f3n impresos, 2 mil 292 agresiones en contra de las mujeres, de las cuales 319 configuran delitos sexuales, 972 reportes de desapariciones, 467 feminicidios, 75 suicidios, 408 casos de violencia familiar y 51 de violencia pol\u00edtica.&nbsp;&nbsp;<\/p>\n","protected":false},"excerpt":{"rendered":"<p>Evlin Arag\u00f3n\/Zona Roja. Oaxaca de Ju\u00e1rez, Oax., 4 de noviembre de 2020.- Un grupo de&hellip;<\/p>\n","protected":false},"author":2,"featured_media":19644,"comment_status":"closed","ping_status":"open","sticky":false,"template":"","format":"standard","meta":{"_lmt_disableupdate":"","_lmt_disable":"","_jetpack_memberships_contains_paid_content":false,"footnotes":""},"categories":[109,47],"tags":[610],"class_list":["post-19643","post","type-post","status-publish","format-standard","has-post-thumbnail","hentry","category-minuto-a-minuto","category-zona-gris","tag-feminicidios-oaxaca"],"jetpack_featured_media_url":"https:\/\/zonaroja.com.mx\/wp-content\/uploads\/2020\/11\/protesta.jpeg","jetpack_sharing_enabled":true,"_links":{"self":[{"href":"https:\/\/zonaroja.com.mx\/index.php?rest_route=\/wp\/v2\/posts\/19643","targetHints":{"allow":["GET"]}}],"collection":[{"href":"https:\/\/zonaroja.com.mx\/index.php?rest_route=\/wp\/v2\/posts"}],"about":[{"href":"https:\/\/zonaroja.com.mx\/index.php?rest_route=\/wp\/v2\/types\/post"}],"author":[{"embeddable":true,"href":"https:\/\/zonaroja.com.mx\/index.php?rest_route=\/wp\/v2\/users\/2"}],"replies":[{"embeddable":true,"href":"https:\/\/zonaroja.com.mx\/index.php?rest_route=%2Fwp%2Fv2%2Fcomments&post=19643"}],"version-history":[{"count":1,"href":"https:\/\/zonaroja.com.mx\/index.php?rest_route=\/wp\/v2\/posts\/19643\/revisions"}],"predecessor-version":[{"id":19645,"href":"https:\/\/zonaroja.com.mx\/index.php?rest_route=\/wp\/v2\/posts\/19643\/revisions\/19645"}],"wp:featuredmedia":[{"embeddable":true,"href":"https:\/\/zonaroja.com.mx\/index.php?rest_route=\/wp\/v2\/media\/19644"}],"wp:attachment":[{"href":"https:\/\/zonaroja.com.mx\/index.php?rest_route=%2Fwp%2Fv2%2Fmedia&parent=19643"}],"wp:term":[{"taxonomy":"category","embeddable":true,"href":"https:\/\/zonaroja.com.mx\/index.php?rest_route=%2Fwp%2Fv2%2Fcategories&post=19643"},{"taxonomy":"post_tag","embeddable":true,"href":"https:\/\/zonaroja.com.mx\/index.php?rest_route=%2Fwp%2Fv2%2Ftags&post=19643"}],"curies":[{"name":"wp","href":"https:\/\/api.w.org\/{rel}","templated":true}]}}