{"id":19646,"date":"2020-11-04T13:47:41","date_gmt":"2020-11-04T19:47:41","guid":{"rendered":"http:\/\/www.zonaroja.com.mx\/?p=19646"},"modified":"2020-11-04T13:47:46","modified_gmt":"2020-11-04T19:47:46","slug":"lanzan-que-te-caiga-el-veinte-campana-para-prevenir-la-violencia-contra-mujeres","status":"publish","type":"post","link":"https:\/\/zonaroja.com.mx\/?p=19646","title":{"rendered":"Lanzan \u201cQue te caiga el veinte\u201d, campa\u00f1a para prevenir la violencia contra mujeres"},"content":{"rendered":"\n<p>Yuridiana Sosa\/Zona Roja.<\/p>\n\n\n\n<p>Oaxaca de Ju\u00e1rez, Oax., 4 de noviembre de 2020.- Basada en historias reales sobre la violencia que sufren las mujeres y ni\u00f1as en las comunidades, las cuales se buscan prevenir y erradicar, la Secretar\u00eda de los Pueblos Ind\u00edgenas y Afromexicano (Sepia) lanz\u00f3 la campa\u00f1a \u201cQue te caiga el veinte\u201d.<\/p>\n\n\n\n<p>Laestrategia, organizada en conjunto con la Comisi\u00f3n Nacional para Prevenir y Erradicar la Violencia Contra las Mujeres (Conavim), est\u00e1 dirigida para 30 de los 40 municipios con Alerta de Violencia de G\u00e9nero (AVGM), donde a trav\u00e9s del proyecto itinerante \u201cMujeres Abriendo Caminos\u201d aplicado por Sepia y Conavim en 2019, se recogieron los testimonios de cientos de v\u00edctimas.<\/p>\n\n\n\n<p>Este mi\u00e9rcoles, durante su presentaci\u00f3n se dio a conocer que la campa\u00f1a busca llegar a esas comunidades alejadas con mensajes sencillos y claros, por lo que tambi\u00e9n fue necesario la traducci\u00f3n de dos cortometrajes de dibujos animados, un violent\u00f3metro tipo historieta, spots radiof\u00f3nicos y jingles traducidos a siete lenguas y 17 variantes, en voz de los propios ciudadanos de esas comunidades.<\/p>\n\n\n\n<figure class=\"wp-block-embed-twitter wp-block-embed is-type-rich is-provider-twitter\"><div class=\"wp-block-embed__wrapper\">\n<div class=\"twitter-tweet\"><blockquote class=\"twitter-tweet\" data-lang=\"es\"><p lang=\"es\" dir=\"ltr\">(1) \u201cQue te caiga el veinte\u201d, es la campa\u00f1a que inici\u00f3 hoy la <a href=\"https:\/\/twitter.com\/SEPIA_GobOax?ref_src=twsrc%5Etfw\">@SEPIA_GobOax<\/a> a fin de prevenir y erradicar la violencia de g\u00e9nero en comunidades ind\u00edgenas de <a href=\"https:\/\/twitter.com\/hashtag\/Oaxaca?src=hash&amp;ref_src=twsrc%5Etfw\">#Oaxaca<\/a>; es un esfuerzo del gobernador <a href=\"https:\/\/twitter.com\/alejandromurat?ref_src=twsrc%5Etfw\">@alejandromurat<\/a> y la <a href=\"https:\/\/twitter.com\/CONAVIM_MX?ref_src=twsrc%5Etfw\">@CONAVIM_MX<\/a>, inform\u00f3 <a href=\"https:\/\/twitter.com\/EufrosinaCruz?ref_src=twsrc%5Etfw\">@EufrosinaCruz<\/a>: <a href=\"https:\/\/t.co\/sF4mRi5Zyu\">pic.twitter.com\/sF4mRi5Zyu<\/a><\/p>&mdash; Zona Roja Oaxaca (@MexRoja) <a href=\"https:\/\/twitter.com\/MexRoja\/status\/1324054280215633920?ref_src=twsrc%5Etfw\">4 de noviembre de 2020<\/a><\/blockquote><\/div>\n<\/div><\/figure>\n\n\n\n<p>\u201cQue te caiga el veinte\u201d, apuntaron, es un llamado a la conciencia colectiva, con el que se busca prevenir conductas que vulneran los derechos de las mujeres, ni\u00f1as y adolescentes como son el abuso sexual infantil, la violencia familiar en todas sus formas, as\u00ed como la violencia institucional que impide el acceso a la justicia.<\/p>\n\n\n\n<p>La titular de Sepia, Eufrosina Cruz Mendoza, se\u00f1al\u00f3 que para un mayor impacto fue necesario incluir en los mensajes, como un part\u00edcipe en las historias, a quienes ejercen la violencia.<\/p>\n\n\n\n<p>En el proceso de trabajo, en recorridos por las poblaciones seleccionadas, se constat\u00f3 los niveles de violencia, que en muchos casos comienzan desde los presidentes municipales que ignoran esta situaci\u00f3n en sus comunidades o desinter\u00e9s para abordarlos.<\/p>\n\n\n\n<p>\u201cLa violencia no puede ser parte de los usos y costumbres, \u2018que nos caiga el veinte\u2019 que la violencia no es normal y deje de ampararse en los usos y costumbres\u201d, se\u00f1al\u00f3 la secretaria, quien llam\u00f3 a los varones a ser parte de esta concientizaci\u00f3n para poner un alto a las violencias de g\u00e9nero.<\/p>\n\n\n\n<figure class=\"wp-block-embed-twitter wp-block-embed is-type-rich is-provider-twitter\"><div class=\"wp-block-embed__wrapper\">\n<div class=\"twitter-tweet\"><blockquote class=\"twitter-tweet\" data-lang=\"es\"><p lang=\"es\" dir=\"ltr\">(2) La <a href=\"https:\/\/twitter.com\/cortv?ref_src=twsrc%5Etfw\">@cortv<\/a> respalda la iniciativa de la <a href=\"https:\/\/twitter.com\/SEPIA_GobOax?ref_src=twsrc%5Etfw\">@SEPIA_GobOax<\/a> en su campa\u00f1a \u201cQue te caiga el veinte\u201d, la cual fue elogiada por el titular de la instituci\u00f3n, <a href=\"https:\/\/twitter.com\/martinvasquezv?ref_src=twsrc%5Etfw\">@martinvasquezv<\/a>; para ello, ambas partes firmaron un convenio de colaboraci\u00f3n. <a href=\"https:\/\/t.co\/uBoNxVZR4B\">pic.twitter.com\/uBoNxVZR4B<\/a><\/p>&mdash; Zona Roja Oaxaca (@MexRoja) <a href=\"https:\/\/twitter.com\/MexRoja\/status\/1324057458659176449?ref_src=twsrc%5Etfw\">4 de noviembre de 2020<\/a><\/blockquote><\/div>\n<\/div><\/figure>\n\n\n\n<p>Los spots y los jingles grabados en castellano se tradujeron en mazateco de Huautla de Jim\u00e9nez, Mazatl\u00e1n Villa de Flores y Acatl\u00e1n de P\u00e9rez Figueroa; zapoteco de la Costa con Santa Mar\u00eda Tonameca; chatino con Villa de Tututepec de Melchor Ocampo; mixteco de la Costa con Santiago Pinotepa Nacional.<\/p>\n\n\n\n<p>Asimismo, zapoteco del Istmo con Juchit\u00e1n de Zaragoza y Santo Domingo Tehuantepec; mixe con San Juan Guichicovi y Santo Domingo Tepuxtepec; mixteco con Santa Mar\u00eda Apazco y Santa Mar\u00eda Yucuhiti; triqui alto con Putla Villa de Guerrero; zapoteco de la Sierra con Ixtl\u00e1n de Ju\u00e1rez; zapoteco del Valle con San Marcos Tlapazola (Tlacolula de Matamoros); chinanteco de Valle Nacional.<\/p>\n\n\n\n<figure class=\"wp-block-embed-twitter wp-block-embed is-type-rich is-provider-twitter\"><div class=\"wp-block-embed__wrapper\">\n<div class=\"twitter-tweet\"><blockquote class=\"twitter-tweet\" data-lang=\"es\"><p lang=\"es\" dir=\"ltr\">(3) En la elaboraci\u00f3n de la campa\u00f1a \u201cQue te caiga el veinte\u201d, que impulsa la <a href=\"https:\/\/twitter.com\/SEPIA_GobOax?ref_src=twsrc%5Etfw\">@SEPIA_GobOax<\/a> que preside <a href=\"https:\/\/twitter.com\/EufrosinaCruz?ref_src=twsrc%5Etfw\">@EufrosinaCruz<\/a>, participan las periodistas <a href=\"https:\/\/twitter.com\/Citlali_Lopez_?ref_src=twsrc%5Etfw\">@Citlali_Lopez_<\/a>, <a href=\"https:\/\/twitter.com\/AchavezMontse?ref_src=twsrc%5Etfw\">@AchavezMontse<\/a> y Laura Gil: <a href=\"https:\/\/t.co\/2EV3gQDkSa\">pic.twitter.com\/2EV3gQDkSa<\/a><\/p>&mdash; Zona Roja Oaxaca (@MexRoja) <a href=\"https:\/\/twitter.com\/MexRoja\/status\/1324059270082678784?ref_src=twsrc%5Etfw\">4 de noviembre de 2020<\/a><\/blockquote><\/div>\n<\/div><\/figure>\n\n\n\n<p>A la campa\u00f1a se integra la Corporaci\u00f3n Oaxaque\u00f1a de Radio y Televisi\u00f3n (CORTV); la Secretar\u00eda de las Mujeres de Oaxaca con la coordinadora de la Alerta de Violencia de G\u00e9nero en el estado, Ana V\u00e1zquez Colmenares y la coordinadora general de Unidades y Caravanas M\u00f3viles de Servicios Gratuitos. Adem\u00e1s de la Coordinaci\u00f3n General de Comunicaci\u00f3n Social y Vocero del Gobierno de Oaxaca.<\/p>\n\n\n\n<p>En la presentaci\u00f3n de la estrategia estuvo presente el director general de la CORTV, Mart\u00edn V\u00e1squez Villanueva, quien ponder\u00f3 la iniciativa y destac\u00f3 que como lo ha dispuesto el gobernador Alejandro Murat Hinojosa, hay todo el respaldo de la instituci\u00f3n para difundir la campa\u00f1a, a trav\u00e9s de la radio, la televisi\u00f3n y las redes sociales.<\/p>\n\n\n\n<p>Aqu\u00ed la transmisi\u00f3n en vivo:<\/p>\n\n\n\n<figure class=\"wp-block-embed\"><div class=\"wp-block-embed__wrapper\">\n<div class=\"fb-video\" data-allowfullscreen=\"true\" data-href=\"https:\/\/www.facebook.com\/zonaroja.com.mx\/videos\/404461950720006\/?vh=e&#038;d=n\" style=\"background-color: #fff; display: inline-block;\"><\/div>\n<\/div><\/figure>\n","protected":false},"excerpt":{"rendered":"<p>Yuridiana Sosa\/Zona Roja. Oaxaca de Ju\u00e1rez, Oax., 4 de noviembre de 2020.- Basada en historias&hellip;<\/p>\n","protected":false},"author":2,"featured_media":19647,"comment_status":"closed","ping_status":"open","sticky":false,"template":"","format":"standard","meta":{"_lmt_disableupdate":"","_lmt_disable":"","_jetpack_memberships_contains_paid_content":false,"footnotes":""},"categories":[109,46],"tags":[2173,2175],"class_list":["post-19646","post","type-post","status-publish","format-standard","has-post-thumbnail","hentry","category-minuto-a-minuto","category-zona-blanca","tag-que-te-caiga-el-veinte","tag-eufrosina-cruz-mendoza"],"jetpack_featured_media_url":"https:\/\/zonaroja.com.mx\/wp-content\/uploads\/2020\/11\/SEPIA-1.jpg","jetpack_sharing_enabled":true,"_links":{"self":[{"href":"https:\/\/zonaroja.com.mx\/index.php?rest_route=\/wp\/v2\/posts\/19646","targetHints":{"allow":["GET"]}}],"collection":[{"href":"https:\/\/zonaroja.com.mx\/index.php?rest_route=\/wp\/v2\/posts"}],"about":[{"href":"https:\/\/zonaroja.com.mx\/index.php?rest_route=\/wp\/v2\/types\/post"}],"author":[{"embeddable":true,"href":"https:\/\/zonaroja.com.mx\/index.php?rest_route=\/wp\/v2\/users\/2"}],"replies":[{"embeddable":true,"href":"https:\/\/zonaroja.com.mx\/index.php?rest_route=%2Fwp%2Fv2%2Fcomments&post=19646"}],"version-history":[{"count":1,"href":"https:\/\/zonaroja.com.mx\/index.php?rest_route=\/wp\/v2\/posts\/19646\/revisions"}],"predecessor-version":[{"id":19648,"href":"https:\/\/zonaroja.com.mx\/index.php?rest_route=\/wp\/v2\/posts\/19646\/revisions\/19648"}],"wp:featuredmedia":[{"embeddable":true,"href":"https:\/\/zonaroja.com.mx\/index.php?rest_route=\/wp\/v2\/media\/19647"}],"wp:attachment":[{"href":"https:\/\/zonaroja.com.mx\/index.php?rest_route=%2Fwp%2Fv2%2Fmedia&parent=19646"}],"wp:term":[{"taxonomy":"category","embeddable":true,"href":"https:\/\/zonaroja.com.mx\/index.php?rest_route=%2Fwp%2Fv2%2Fcategories&post=19646"},{"taxonomy":"post_tag","embeddable":true,"href":"https:\/\/zonaroja.com.mx\/index.php?rest_route=%2Fwp%2Fv2%2Ftags&post=19646"}],"curies":[{"name":"wp","href":"https:\/\/api.w.org\/{rel}","templated":true}]}}