{"id":19649,"date":"2020-11-04T19:19:00","date_gmt":"2020-11-05T01:19:00","guid":{"rendered":"http:\/\/www.zonaroja.com.mx\/?p=19649"},"modified":"2020-11-04T19:19:04","modified_gmt":"2020-11-05T01:19:04","slug":"normalistas-impunes-y-el-ieepo-indolente-toman-camiones-y-bloquean-no-pasa-nada","status":"publish","type":"post","link":"https:\/\/zonaroja.com.mx\/?p=19649","title":{"rendered":"Normalistas impunes y el IEEPO indolente: \u201ctoman\u201d camiones y bloquean; no pasa nada"},"content":{"rendered":"\n<p>Yuridiana Sosa\/Zona Roja.<\/p>\n\n\n\n<p>Oaxaca de Ju\u00e1rez, Oax., 4 de noviembre de 2020.- Estudiantes de la Escuela Normal de Educaci\u00f3n Especial (ENEE) se manifestaron este mi\u00e9rcoles para exigir al IEEPO una mesa de di\u00e1logo ante su incertidumbre sobre la prevalencia del nivel de educaci\u00f3n especial ante cambios en el reglamento de la SEP.<\/p>\n\n\n\n<p>Desde temprana hora los normalistas comenzaron con la retenci\u00f3n de unidades del transporte p\u00fablico de la ciudad de Oaxaca, en inmediaciones del Centro Regional de Educaci\u00f3n Normal de Oaxaca (CRENO).<\/p>\n\n\n\n<p>Luego se trasladaron a bordo de los autobuses al crucero que conduce al aeropuerto internacional de Oaxaca, sobre la carretera federal 175, al sur de la ciudad capital, donde bloquearon la vialidad por varias horas.<\/p>\n\n\n\n<p>Sin registrarse mayores afectaciones, que las viales en la zona, los normalistas retiraron su manifestaci\u00f3n para trasladarse al Centro Hist\u00f3rico de la capital, a bordo de las unidades retenidas.<\/p>\n\n\n\n<figure class=\"wp-block-embed-twitter wp-block-embed is-type-rich is-provider-twitter\"><div class=\"wp-block-embed__wrapper\">\n<div class=\"twitter-tweet\"><blockquote class=\"twitter-tweet\" data-lang=\"es\"><p lang=\"es\" dir=\"ltr\"><a href=\"https:\/\/twitter.com\/hashtag\/%C3%9AltimoMinuto?src=hash&amp;ref_src=twsrc%5Etfw\">#\u00daltimoMinuto<\/a> <br>Las desatenciones del <a href=\"https:\/\/twitter.com\/IEEPOGobOax?ref_src=twsrc%5Etfw\">@IEEPOGobOax<\/a> siguen generando protestas y bloqueos por parte de <a href=\"https:\/\/twitter.com\/hashtag\/normalistas?src=hash&amp;ref_src=twsrc%5Etfw\">#normalistas<\/a>; este mi\u00e9rcoles cierran la v\u00eda federal 175 crucero con el <a href=\"https:\/\/twitter.com\/hashtag\/aeropuerto?src=hash&amp;ref_src=twsrc%5Etfw\">#aeropuerto<\/a> de <a href=\"https:\/\/twitter.com\/hashtag\/Oaxaca?src=hash&amp;ref_src=twsrc%5Etfw\">#Oaxaca<\/a>, al sur de la capital. <a href=\"https:\/\/t.co\/divLgtoMi4\">pic.twitter.com\/divLgtoMi4<\/a><\/p>&mdash; Zona Roja Oaxaca (@MexRoja) <a href=\"https:\/\/twitter.com\/MexRoja\/status\/1324013384161914883?ref_src=twsrc%5Etfw\">4 de noviembre de 2020<\/a><\/blockquote><\/div>\n<\/div><\/figure>\n\n\n\n<p>Recorrieron algunas radiodifusoras p\u00fablicas as\u00ed como la Corporaci\u00f3n Oaxaque\u00f1a de Radio y Televisi\u00f3n, para pedir espacios a fin de difundir sus inquietudes.<\/p>\n\n\n\n<p>Denunciaron la insuficiente atenci\u00f3n por parte del Instituto Estatal de Educaci\u00f3n P\u00fablica de Oaxaca a sus demandas; despu\u00e9s de las 14:00 horas, retornaron a su lugar de salida y cesaron sus movilizaciones.<\/p>\n\n\n\n<p>El martes, los normalistas sentenciaron sobre movilizaciones de conseguir atenci\u00f3n a su petici\u00f3n de di\u00e1logo con las autoridades estatales, aunque el Instituto Estatal de Educaci\u00f3n P\u00fablica de Oaxaca (IEEPO) insiste que la comunicaci\u00f3n con los estudiantes es permanente.<\/p>\n","protected":false},"excerpt":{"rendered":"<p>Yuridiana Sosa\/Zona Roja. Oaxaca de Ju\u00e1rez, Oax., 4 de noviembre de 2020.- Estudiantes de la&hellip;<\/p>\n","protected":false},"author":2,"featured_media":19650,"comment_status":"closed","ping_status":"open","sticky":false,"template":"","format":"standard","meta":{"_lmt_disableupdate":"","_lmt_disable":"","_jetpack_memberships_contains_paid_content":false,"footnotes":""},"categories":[109,47],"tags":[599],"class_list":["post-19649","post","type-post","status-publish","format-standard","has-post-thumbnail","hentry","category-minuto-a-minuto","category-zona-gris","tag-instituto-estatal-de-educacion-publica-de-oaxaca"],"jetpack_featured_media_url":"https:\/\/zonaroja.com.mx\/wp-content\/uploads\/2020\/11\/Bloqueo-normalistas-crucero-aeropuerto..jpg","jetpack_sharing_enabled":true,"_links":{"self":[{"href":"https:\/\/zonaroja.com.mx\/index.php?rest_route=\/wp\/v2\/posts\/19649","targetHints":{"allow":["GET"]}}],"collection":[{"href":"https:\/\/zonaroja.com.mx\/index.php?rest_route=\/wp\/v2\/posts"}],"about":[{"href":"https:\/\/zonaroja.com.mx\/index.php?rest_route=\/wp\/v2\/types\/post"}],"author":[{"embeddable":true,"href":"https:\/\/zonaroja.com.mx\/index.php?rest_route=\/wp\/v2\/users\/2"}],"replies":[{"embeddable":true,"href":"https:\/\/zonaroja.com.mx\/index.php?rest_route=%2Fwp%2Fv2%2Fcomments&post=19649"}],"version-history":[{"count":1,"href":"https:\/\/zonaroja.com.mx\/index.php?rest_route=\/wp\/v2\/posts\/19649\/revisions"}],"predecessor-version":[{"id":19651,"href":"https:\/\/zonaroja.com.mx\/index.php?rest_route=\/wp\/v2\/posts\/19649\/revisions\/19651"}],"wp:featuredmedia":[{"embeddable":true,"href":"https:\/\/zonaroja.com.mx\/index.php?rest_route=\/wp\/v2\/media\/19650"}],"wp:attachment":[{"href":"https:\/\/zonaroja.com.mx\/index.php?rest_route=%2Fwp%2Fv2%2Fmedia&parent=19649"}],"wp:term":[{"taxonomy":"category","embeddable":true,"href":"https:\/\/zonaroja.com.mx\/index.php?rest_route=%2Fwp%2Fv2%2Fcategories&post=19649"},{"taxonomy":"post_tag","embeddable":true,"href":"https:\/\/zonaroja.com.mx\/index.php?rest_route=%2Fwp%2Fv2%2Ftags&post=19649"}],"curies":[{"name":"wp","href":"https:\/\/api.w.org\/{rel}","templated":true}]}}