{"id":19652,"date":"2020-11-04T20:28:54","date_gmt":"2020-11-05T02:28:54","guid":{"rendered":"http:\/\/www.zonaroja.com.mx\/?p=19652"},"modified":"2020-11-04T20:28:58","modified_gmt":"2020-11-05T02:28:58","slug":"condena-diputado-asesinato-en-loxicha-pide-intervencion-de-fgr-ante-ineficacia-en-oaxaca","status":"publish","type":"post","link":"https:\/\/zonaroja.com.mx\/?p=19652","title":{"rendered":"Condena diputado asesinato en Loxicha; pide intervenci\u00f3n de FGR ante ineficacia en Oaxaca"},"content":{"rendered":"\n<p>Redacci\u00f3n\/Zona Roja.<\/p>\n\n\n\n<p>Oaxaca de Ju\u00e1rez, Oax., 4 de noviembre 2020.- El diputado Horacio Sosa Villavicencio, presidente de la Junta de Coordinaci\u00f3n Pol\u00edtica (Jucopo) de la 64 Legislatura del Congreso de Oaxaca, conden\u00f3 el asesinato del activista Rodolfo D\u00edaz Jim\u00e9nez, as\u00ed como la desaparici\u00f3n de Reynaldo Bautista Bautista y Eutiquio Bautista Pacheco, quienes a\u00fan no son localizados. <\/p>\n\n\n\n<p>El legislador por Morena expres\u00f3 que en Oaxaca, la Fiscal\u00eda General del Estado (FGEO), encabezada por Rub\u00e9n Vasconcelos M\u00e9ndez, carece de confianza, por ello, solicit\u00f3 a la Fiscal\u00eda General de la Rep\u00fablica (FGR) atraer las investigaciones por este delito registrado el&nbsp; 2&nbsp; de noviembre en San Baltazar Loxicha.<\/p>\n\n\n\n<p>Pidi\u00f3 al gobernador Alejandro Murat Hinojosa instruir a la Secretar\u00eda General de Gobierno (Segego) para que coordine la inmediata b\u00fasqueda de las personas desaparecidas, y realice de manera urgente las acciones necesarias para solucionar el conflicto poselectoral en esta municipalidad.<\/p>\n\n\n\n<p>Demand\u00f3 al titular de la Defensor\u00eda de los Derechos Humanos del Pueblo de Oaxaca (DDHPO), Bernardo Rodr\u00edguez Alamilla, que inicie de inmediato y de oficio las investigaciones relacionadas con el asesinato del activista social y la desaparici\u00f3n de las otras dos personas, presumiendo ejecuci\u00f3n extrajudicial y desaparici\u00f3n forzada cometidas, seg\u00fan denuncias, por las autoridades municipales.<\/p>\n\n\n\n<figure class=\"wp-block-embed-twitter wp-block-embed is-type-rich is-provider-twitter\"><div class=\"wp-block-embed__wrapper\">\n<div class=\"twitter-tweet\"><blockquote class=\"twitter-tweet\" data-lang=\"es\"><p lang=\"es\" dir=\"ltr\">\u201cYa sabemos que el fiscal en Oaxaca (<a href=\"https:\/\/twitter.com\/RVasconcelosM?ref_src=twsrc%5Etfw\">@RVasconcelosM<\/a>) no es de fiar, menos en los agravios con activistas, por ello se le ha reclamado que no ha hecho nada\u201d, dijo hoy el diputado <a href=\"https:\/\/twitter.com\/HoracioSosaOax?ref_src=twsrc%5Etfw\">@HoracioSosaOax<\/a>, al lamentar el crimen perpetrado en San Baltazar Loxicha y pedir intervenci\u00f3n de FGR. <a href=\"https:\/\/t.co\/UHFexM9r5D\">pic.twitter.com\/UHFexM9r5D<\/a><\/p>&mdash; Zona Roja Oaxaca (@MexRoja) <a href=\"https:\/\/twitter.com\/MexRoja\/status\/1324155161787408385?ref_src=twsrc%5Etfw\">5 de noviembre de 2020<\/a><\/blockquote><\/div>\n<\/div><\/figure>\n\n\n\n<p>De acuerdo con la comunidad, polic\u00edas estatales acompa\u00f1ados por gente del presidente municipal, Aten\u00f3genes Jim\u00e9nez, buscaban atemorizar a los habitantes, apunt\u00e1ndoles con sus armas y cortando cartucho. Por ello los agentes fueron retenidos.<\/p>\n\n\n\n<p>El activista ahora asesinado y sus dos compa\u00f1eros, hoy desaparecidos, se desplazaron rumbo a Santa Mar\u00eda Colotepec buscando se\u00f1al telef\u00f3nica, con el fin de establecer comunicaci\u00f3n y di\u00e1logo con el Gobierno del Estado. Sin embargo, fue en ese trayecto donde sufrieron la emboscada.<\/p>\n\n\n\n<p>Tras darse a conocer el hecho, comuneros de la zona detuvieron una camioneta de la Polic\u00eda Estatal con tres elementos a bordo, seg\u00fan unas versiones, y cuatro de acuerdo con otras.<\/p>\n\n\n\n<p>El ataque se produce en un contexto de conflicto poselectoral que se vive en ese municipio, derivado de que fue impuesto un ayuntamiento, actualmente en funciones.<\/p>\n\n\n\n<p>El exhorto recibido por la Diputaci\u00f3n Permanente fue turnado a la Comisi\u00f3n Permanente correspondiente para su an\u00e1lisis y dictamen.<\/p>\n","protected":false},"excerpt":{"rendered":"<p>Redacci\u00f3n\/Zona Roja. Oaxaca de Ju\u00e1rez, Oax., 4 de noviembre 2020.- El diputado Horacio Sosa Villavicencio,&hellip;<\/p>\n","protected":false},"author":2,"featured_media":19653,"comment_status":"closed","ping_status":"open","sticky":false,"template":"","format":"standard","meta":{"_lmt_disableupdate":"","_lmt_disable":"","_jetpack_memberships_contains_paid_content":false,"footnotes":""},"categories":[109,46],"tags":[444],"class_list":["post-19652","post","type-post","status-publish","format-standard","has-post-thumbnail","hentry","category-minuto-a-minuto","category-zona-blanca","tag-horacio-sosa-villavicencio"],"jetpack_featured_media_url":"https:\/\/zonaroja.com.mx\/wp-content\/uploads\/2020\/11\/FOTO-3-Legislador-Horacio-Sosa-Villavicencio.jpeg","jetpack_sharing_enabled":true,"_links":{"self":[{"href":"https:\/\/zonaroja.com.mx\/index.php?rest_route=\/wp\/v2\/posts\/19652","targetHints":{"allow":["GET"]}}],"collection":[{"href":"https:\/\/zonaroja.com.mx\/index.php?rest_route=\/wp\/v2\/posts"}],"about":[{"href":"https:\/\/zonaroja.com.mx\/index.php?rest_route=\/wp\/v2\/types\/post"}],"author":[{"embeddable":true,"href":"https:\/\/zonaroja.com.mx\/index.php?rest_route=\/wp\/v2\/users\/2"}],"replies":[{"embeddable":true,"href":"https:\/\/zonaroja.com.mx\/index.php?rest_route=%2Fwp%2Fv2%2Fcomments&post=19652"}],"version-history":[{"count":1,"href":"https:\/\/zonaroja.com.mx\/index.php?rest_route=\/wp\/v2\/posts\/19652\/revisions"}],"predecessor-version":[{"id":19654,"href":"https:\/\/zonaroja.com.mx\/index.php?rest_route=\/wp\/v2\/posts\/19652\/revisions\/19654"}],"wp:featuredmedia":[{"embeddable":true,"href":"https:\/\/zonaroja.com.mx\/index.php?rest_route=\/wp\/v2\/media\/19653"}],"wp:attachment":[{"href":"https:\/\/zonaroja.com.mx\/index.php?rest_route=%2Fwp%2Fv2%2Fmedia&parent=19652"}],"wp:term":[{"taxonomy":"category","embeddable":true,"href":"https:\/\/zonaroja.com.mx\/index.php?rest_route=%2Fwp%2Fv2%2Fcategories&post=19652"},{"taxonomy":"post_tag","embeddable":true,"href":"https:\/\/zonaroja.com.mx\/index.php?rest_route=%2Fwp%2Fv2%2Ftags&post=19652"}],"curies":[{"name":"wp","href":"https:\/\/api.w.org\/{rel}","templated":true}]}}