{"id":19655,"date":"2020-11-04T21:18:22","date_gmt":"2020-11-05T03:18:22","guid":{"rendered":"http:\/\/www.zonaroja.com.mx\/?p=19655"},"modified":"2020-11-04T21:18:25","modified_gmt":"2020-11-05T03:18:25","slug":"incapacidad-de-segego-deriva-en-dos-dias-de-bloqueos-en-el-istmo","status":"publish","type":"post","link":"https:\/\/zonaroja.com.mx\/?p=19655","title":{"rendered":"Incapacidad de Segego deriva en dos d\u00edas de bloqueos en el Istmo"},"content":{"rendered":"\n<p>Yuridiana Sosa\/Zona Roja.<\/p>\n\n\n\n<p>Oaxaca de Ju\u00e1rez, Oax., 4 de noviembre de 2020.- Por segundo d\u00eda consecutivo en la regi\u00f3n del Istmo habitantes de diferentes comunidades mantienen al menos dos bloqueos activos, de varios registrados este mi\u00e9rcoles, ante la incapacidad de la Secretar\u00eda General de Gobierno para entablar di\u00e1logo.<\/p>\n\n\n\n<p>Los inconformes, algunos integrantes del Frente Unido de Comunidades Oaxaque\u00f1as (FUCO), exigen el pago de los siniestros agropecuarios causados en el a\u00f1o 2019, por lo que presionan al Gobierno del Estado para su inmediata entrega.<\/p>\n\n\n\n<p>Los bloqueos se instalaron en la carretera Tehuantepec-Juchit\u00e1n, en inmediaciones de las oficinas de la Sagarpa; Tehuantepec-Jalapa del Marqu\u00e9s, en el puente caracol; tramo Salina Cruz-La Ventosa, en el kil\u00f3metro 23+500.<\/p>\n\n\n\n<p>Adem\u00e1s, se report\u00f3 otro en la carretera Salina Cruz-Huatulco, en la poblaci\u00f3n de Morro Mazatl\u00e1n, sin que la Secretar\u00eda General de Gobierno ofrezca respuestas satisfactorias para los pobladores.<\/p>\n\n\n\n<p>El di\u00e1logo ofrecido por la Segego en la ciudad de Oaxaca para este 5 de noviembre fue rechazado por los campesinos, quienes demandaron el encuentro en su regi\u00f3n ante los gastos innecesarios que se generan en su traslado a la capital, sin que se garanticen las soluciones. Lamentaron que a pesar de ser istme\u00f1o, el titular de la dependencia, Francisco Garc\u00eda L\u00f3pez, no ponga atenci\u00f3n a la problem\u00e1tica de las comunidades de la zona<\/p>\n\n\n\n<p>Las complicaciones al tr\u00e1nsito vehicular se intensificaron tambi\u00e9n debido que decenas de tractocamiones est\u00e1n varados, en el tramo La Venta-La Ventosa, Juchit\u00e1n de Zaragoza, debido a los fuertes vientos de \u201cNorte\u201d.<\/p>\n\n\n\n<p>De acuerdo al portal de informaci\u00f3n Monitor Vikingo, este 2020 se ha superado el n\u00famero de volcaduras de veh\u00edculos, en el lapso de cinco a\u00f1os.<\/p>\n\n\n\n<p>El reporte indic\u00f3 que durante este a\u00f1o se han presentado 20 siniestros, mientras que en 2019 y 2018, 10; 2017, 15; 2016, 10 y 2015, 19.<\/p>\n","protected":false},"excerpt":{"rendered":"<p>Yuridiana Sosa\/Zona Roja. Oaxaca de Ju\u00e1rez, Oax., 4 de noviembre de 2020.- Por segundo d\u00eda&hellip;<\/p>\n","protected":false},"author":2,"featured_media":19656,"comment_status":"closed","ping_status":"open","sticky":false,"template":"","format":"standard","meta":{"_lmt_disableupdate":"","_lmt_disable":"","_jetpack_memberships_contains_paid_content":false,"footnotes":""},"categories":[109,47],"tags":[2122],"class_list":["post-19655","post","type-post","status-publish","format-standard","has-post-thumbnail","hentry","category-minuto-a-minuto","category-zona-gris","tag-francisco-garcia-lopez"],"jetpack_featured_media_url":"https:\/\/zonaroja.com.mx\/wp-content\/uploads\/2020\/11\/Bloqueos-Istmo-miercoles.jpg","jetpack_sharing_enabled":true,"_links":{"self":[{"href":"https:\/\/zonaroja.com.mx\/index.php?rest_route=\/wp\/v2\/posts\/19655","targetHints":{"allow":["GET"]}}],"collection":[{"href":"https:\/\/zonaroja.com.mx\/index.php?rest_route=\/wp\/v2\/posts"}],"about":[{"href":"https:\/\/zonaroja.com.mx\/index.php?rest_route=\/wp\/v2\/types\/post"}],"author":[{"embeddable":true,"href":"https:\/\/zonaroja.com.mx\/index.php?rest_route=\/wp\/v2\/users\/2"}],"replies":[{"embeddable":true,"href":"https:\/\/zonaroja.com.mx\/index.php?rest_route=%2Fwp%2Fv2%2Fcomments&post=19655"}],"version-history":[{"count":1,"href":"https:\/\/zonaroja.com.mx\/index.php?rest_route=\/wp\/v2\/posts\/19655\/revisions"}],"predecessor-version":[{"id":19657,"href":"https:\/\/zonaroja.com.mx\/index.php?rest_route=\/wp\/v2\/posts\/19655\/revisions\/19657"}],"wp:featuredmedia":[{"embeddable":true,"href":"https:\/\/zonaroja.com.mx\/index.php?rest_route=\/wp\/v2\/media\/19656"}],"wp:attachment":[{"href":"https:\/\/zonaroja.com.mx\/index.php?rest_route=%2Fwp%2Fv2%2Fmedia&parent=19655"}],"wp:term":[{"taxonomy":"category","embeddable":true,"href":"https:\/\/zonaroja.com.mx\/index.php?rest_route=%2Fwp%2Fv2%2Fcategories&post=19655"},{"taxonomy":"post_tag","embeddable":true,"href":"https:\/\/zonaroja.com.mx\/index.php?rest_route=%2Fwp%2Fv2%2Ftags&post=19655"}],"curies":[{"name":"wp","href":"https:\/\/api.w.org\/{rel}","templated":true}]}}