{"id":19658,"date":"2020-11-04T21:45:36","date_gmt":"2020-11-05T03:45:36","guid":{"rendered":"http:\/\/www.zonaroja.com.mx\/?p=19658"},"modified":"2020-11-04T21:45:42","modified_gmt":"2020-11-05T03:45:42","slug":"ante-negligencias-piden-revocacion-de-mandato-para-oswaldo-garcia-jarquin","status":"publish","type":"post","link":"https:\/\/zonaroja.com.mx\/?p=19658","title":{"rendered":"Ante negligencias, piden revocaci\u00f3n de mandato para Oswaldo Garc\u00eda Jarqu\u00edn"},"content":{"rendered":"\n<p>Yuridiana Sosa\/Zona Roja.<\/p>\n\n\n\n<p>Oaxaca de Ju\u00e1rez, Oax.,4 de noviembre de 2020.- Por presuntamente atentar contra la salud de la poblaci\u00f3n frente a la pandemia de Covid-19, el Congreso de Oaxaca inici\u00f3 el an\u00e1lisis a la solicitud de revocaci\u00f3n de mandato para el edil de la capital oaxaque\u00f1a, Oswaldo Garc\u00eda Jarqu\u00edn.<\/p>\n\n\n\n<p>El diputado local por el Partido del Trabajo, C\u00e9sar Morales Ni\u00f1o, inform\u00f3 que interpuso la solicitud contra el ayuntamiento de Oaxaca de Ju\u00e1rez, luego de las aglomeraciones y fiestas registradas durante los d\u00edas 31 de octubre y 1 de noviembre, con motivo de la celebraci\u00f3n de D\u00eda de Muertos, en calles y establecimientos del Centro Hist\u00f3rico de Oaxaca.<\/p>\n\n\n\n<p>A trav\u00e9s de este procedimiento se deslindar\u00e1n responsabilidades por omisi\u00f3n o acci\u00f3n de las autoridades por permitir los encuentros masivos y poner en riesgo la vida de la poblaci\u00f3n.<\/p>\n\n\n\n<p>\u201cNos alarm\u00f3 la aglomeraci\u00f3n en el primer cuadro de la ciudad. Se realizaron fiestas clandestinas y hasta cenas en restaurantes&#8230; ve\u00edamos la preocupaci\u00f3n de muchas personas en redes sociales\u201d, indic\u00f3 el legislador.<\/p>\n\n\n\n<figure class=\"wp-block-embed-twitter wp-block-embed is-type-rich is-provider-twitter\"><div class=\"wp-block-embed__wrapper\">\n<div class=\"twitter-tweet\"><blockquote class=\"twitter-tweet\" data-lang=\"es\"><p lang=\"es\" dir=\"ltr\"><a href=\"https:\/\/twitter.com\/hashtag\/%C3%9AltimoMinuto?src=hash&amp;ref_src=twsrc%5Etfw\">#\u00daltimoMinuto<\/a> <br>Ante el alarmante incremento de casos de Covid en <a href=\"https:\/\/twitter.com\/hashtag\/Oaxaca?src=hash&amp;ref_src=twsrc%5Etfw\">#Oaxaca<\/a> de Ju\u00e1rez y las nulas acciones municipales para evitar aglomeraciones, el diputado por el PT, <a href=\"https:\/\/twitter.com\/cesarmoralesn?ref_src=twsrc%5Etfw\">@cesarmoralesn<\/a> anunci\u00f3 la solicitud de revocaci\u00f3n de mandato para el edil <a href=\"https:\/\/twitter.com\/oswaldogarciaj?ref_src=twsrc%5Etfw\">@oswaldogarciaj<\/a>. <a href=\"https:\/\/t.co\/qFPy82Xipv\">pic.twitter.com\/qFPy82Xipv<\/a><\/p>&mdash; Zona Roja Oaxaca (@MexRoja) <a href=\"https:\/\/twitter.com\/MexRoja\/status\/1324101535475924995?ref_src=twsrc%5Etfw\">4 de noviembre de 2020<\/a><\/blockquote><\/div>\n<\/div><\/figure>\n\n\n\n<p>Con esta solicitud, ya suman tres las que se encuentran en poder de la Comisi\u00f3n de Gobernaci\u00f3n de la 64 Legislatura del estado, donde hace unos d\u00edas tambi\u00e9n se enviaron las solicitudes para los ayuntamientos de Heroica Ciudad de Tlaxiaco y San Pedro Ixtlahuaca.<\/p>\n\n\n\n<p>Pero, adem\u00e1s, este procedimiento tambi\u00e9n se analiza contra el ayuntamiento de Huautla de Jim\u00e9nez y Villa de Zaachila, de los que a\u00fan se sigue recabando informaci\u00f3n sobre los actos celebrados en las festividades de D\u00eda de Muertos, antes de solicitar la revocaci\u00f3n.<\/p>\n\n\n\n<p>En el caso de Huautla de Jim\u00e9nez, dijo, se llev\u00f3 a cabo un paseo por parte de los danzantes huehuentones que convoc\u00f3 a decenas de personas, tanto locales como for\u00e1neas, situaci\u00f3n de la que siguen indagando.<\/p>\n\n\n\n<p>Morales Ni\u00f1o exhort\u00f3 al gobernador Alejandro Murat para que se coordine con las autoridades municipales, estatales y federales con la finalidad que se implementen operativos cuando se observen actividades que aglomeran a la ciudadan\u00eda por el riesgo que implica frente al Covid-19.<\/p>\n","protected":false},"excerpt":{"rendered":"<p>Yuridiana Sosa\/Zona Roja. Oaxaca de Ju\u00e1rez, Oax.,4 de noviembre de 2020.- Por presuntamente atentar contra&hellip;<\/p>\n","protected":false},"author":2,"featured_media":19659,"comment_status":"closed","ping_status":"open","sticky":false,"template":"","format":"standard","meta":{"_lmt_disableupdate":"","_lmt_disable":"","_jetpack_memberships_contains_paid_content":false,"footnotes":""},"categories":[109,46],"tags":[612],"class_list":["post-19658","post","type-post","status-publish","format-standard","has-post-thumbnail","hentry","category-minuto-a-minuto","category-zona-blanca","tag-cesar-morales-nino"],"jetpack_featured_media_url":"https:\/\/zonaroja.com.mx\/wp-content\/uploads\/2020\/11\/Cesar-Morales-N.jpg","jetpack_sharing_enabled":true,"_links":{"self":[{"href":"https:\/\/zonaroja.com.mx\/index.php?rest_route=\/wp\/v2\/posts\/19658","targetHints":{"allow":["GET"]}}],"collection":[{"href":"https:\/\/zonaroja.com.mx\/index.php?rest_route=\/wp\/v2\/posts"}],"about":[{"href":"https:\/\/zonaroja.com.mx\/index.php?rest_route=\/wp\/v2\/types\/post"}],"author":[{"embeddable":true,"href":"https:\/\/zonaroja.com.mx\/index.php?rest_route=\/wp\/v2\/users\/2"}],"replies":[{"embeddable":true,"href":"https:\/\/zonaroja.com.mx\/index.php?rest_route=%2Fwp%2Fv2%2Fcomments&post=19658"}],"version-history":[{"count":1,"href":"https:\/\/zonaroja.com.mx\/index.php?rest_route=\/wp\/v2\/posts\/19658\/revisions"}],"predecessor-version":[{"id":19660,"href":"https:\/\/zonaroja.com.mx\/index.php?rest_route=\/wp\/v2\/posts\/19658\/revisions\/19660"}],"wp:featuredmedia":[{"embeddable":true,"href":"https:\/\/zonaroja.com.mx\/index.php?rest_route=\/wp\/v2\/media\/19659"}],"wp:attachment":[{"href":"https:\/\/zonaroja.com.mx\/index.php?rest_route=%2Fwp%2Fv2%2Fmedia&parent=19658"}],"wp:term":[{"taxonomy":"category","embeddable":true,"href":"https:\/\/zonaroja.com.mx\/index.php?rest_route=%2Fwp%2Fv2%2Fcategories&post=19658"},{"taxonomy":"post_tag","embeddable":true,"href":"https:\/\/zonaroja.com.mx\/index.php?rest_route=%2Fwp%2Fv2%2Ftags&post=19658"}],"curies":[{"name":"wp","href":"https:\/\/api.w.org\/{rel}","templated":true}]}}