{"id":19661,"date":"2020-11-04T22:09:11","date_gmt":"2020-11-05T04:09:11","guid":{"rendered":"http:\/\/www.zonaroja.com.mx\/?p=19661"},"modified":"2020-11-04T22:09:15","modified_gmt":"2020-11-05T04:09:15","slug":"medicos-y-organizaciones-exigen-al-senado-frenar-reformas-al-aborto-y-de-genero","status":"publish","type":"post","link":"https:\/\/zonaroja.com.mx\/?p=19661","title":{"rendered":"M\u00e9dicos y organizaciones exigen al Senado frenar reformas al aborto y de g\u00e9nero"},"content":{"rendered":"\n<p>Yuridiana Sosa\/Zona Roja.<\/p>\n\n\n\n<p>Oaxaca de Ju\u00e1rez, Oax., 4 de noviembre de 2020.- Integrantes del frente \u201cUnidad oaxaque\u00f1a por la vida y la familia\u201d se manifestaron hoy para reiterar su rechazo a las iniciativas de reforma contra la vida y g\u00e9nero, que se promueven desde el Congreso de Oaxaca hasta las c\u00e1maras de diputados federales y el Senado.<\/p>\n\n\n\n<p>Los inconformes, que en su mayor\u00eda se identificaron como m\u00e9dicos se pronunciaron contra las propuestas a fuera de la casa de atenci\u00f3n ciudadana del senador Ra\u00fal Bola\u00f1os Cacho, del Partido Verde Ecologista de M\u00e9xico, en el Centro Hist\u00f3rico de Oaxaca, para pedirle su intervenci\u00f3n como senador de Oaxaca.<\/p>\n\n\n\n<p>\u201cResulta parad\u00f3jico que en Oaxaca un ni\u00f1o no pueda comprar un dulce, pero s\u00ed pueda consentir un aborto y un cambio de identidad sexual como algunas iniciativas lo pretenden\u201d, se\u00f1alaron los manifestantes.<\/p>\n\n\n\n<p>La protesta deriv\u00f3 luego que senadores de Morena presentaron propuestas de reforma para los derechos reproductivos y sexuales, aplicables a partir de menores de 13 a\u00f1os de edad.<\/p>\n\n\n\n<figure class=\"wp-block-embed-twitter wp-block-embed is-type-rich is-provider-twitter\"><div class=\"wp-block-embed__wrapper\">\n<div class=\"twitter-tweet\"><blockquote class=\"twitter-tweet\" data-lang=\"es\"><p lang=\"es\" dir=\"ltr\">Un grupo de defensores de la vida protest\u00f3 hoy en las oficinas del <a href=\"https:\/\/twitter.com\/PVEMOax?ref_src=twsrc%5Etfw\">@PVEMOax<\/a> en Oaxaca, contra el senador <a href=\"https:\/\/twitter.com\/RaulBCCue?ref_src=twsrc%5Etfw\">@RaulBCCue<\/a>, para exigir que no se aprueben leyes antiaborto en el pa\u00eds. <a href=\"https:\/\/t.co\/7PEKqAo4wP\">pic.twitter.com\/7PEKqAo4wP<\/a><\/p>&mdash; Zona Roja Oaxaca (@MexRoja) <a href=\"https:\/\/twitter.com\/MexRoja\/status\/1324194620792778753?ref_src=twsrc%5Etfw\">5 de noviembre de 2020<\/a><\/blockquote><\/div>\n<\/div><\/figure>\n\n\n\n<p>\u201cEn Morena buscaron imponer los mal llamados derechos sexuales en promoci\u00f3n a la ideolog\u00eda de g\u00e9nero a los m\u00e1s peque\u00f1os y vulnerables de casa que son los hijos, as\u00ed como el aborto que son basados en los derechos reproductivos, a nuestras hijas desde los 13 a\u00f1os sin siquiera el conocimiento de los padres\u201d, apuntaron.<\/p>\n\n\n\n<p>\u201cCon esto se viola la patria potestad y el art\u00edculo 26 de la declaraci\u00f3n universal de los derechos humanos que afirma que los padres tendr\u00e1n derecho preferente a escoger el tipo de educaci\u00f3n que habr\u00e1 de darse a sus hijos\u201d, recalcaron los m\u00e9dicos.<\/p>\n\n\n\n<p>En ese sentido, demandaron a Bola\u00f1os Cacho, como al resto de los senadores oaxaque\u00f1os y diputados federales prioricen por verdaderas necesidades de su poblaci\u00f3n, como es abatir la pobreza.<\/p>\n","protected":false},"excerpt":{"rendered":"<p>Yuridiana Sosa\/Zona Roja. Oaxaca de Ju\u00e1rez, Oax., 4 de noviembre de 2020.- Integrantes del frente&hellip;<\/p>\n","protected":false},"author":2,"featured_media":19662,"comment_status":"closed","ping_status":"open","sticky":false,"template":"","format":"standard","meta":{"_lmt_disableupdate":"","_lmt_disable":"","_jetpack_memberships_contains_paid_content":false,"footnotes":""},"categories":[109,47],"tags":[2176,1338],"class_list":["post-19661","post","type-post","status-publish","format-standard","has-post-thumbnail","hentry","category-minuto-a-minuto","category-zona-gris","tag-partido-verde-ecologista-de-mexico-pvem","tag-raul-bolanos-cacho-cue"],"jetpack_featured_media_url":"https:\/\/zonaroja.com.mx\/wp-content\/uploads\/2020\/11\/Protesta-pro-vida.jpg","jetpack_sharing_enabled":true,"_links":{"self":[{"href":"https:\/\/zonaroja.com.mx\/index.php?rest_route=\/wp\/v2\/posts\/19661","targetHints":{"allow":["GET"]}}],"collection":[{"href":"https:\/\/zonaroja.com.mx\/index.php?rest_route=\/wp\/v2\/posts"}],"about":[{"href":"https:\/\/zonaroja.com.mx\/index.php?rest_route=\/wp\/v2\/types\/post"}],"author":[{"embeddable":true,"href":"https:\/\/zonaroja.com.mx\/index.php?rest_route=\/wp\/v2\/users\/2"}],"replies":[{"embeddable":true,"href":"https:\/\/zonaroja.com.mx\/index.php?rest_route=%2Fwp%2Fv2%2Fcomments&post=19661"}],"version-history":[{"count":1,"href":"https:\/\/zonaroja.com.mx\/index.php?rest_route=\/wp\/v2\/posts\/19661\/revisions"}],"predecessor-version":[{"id":19663,"href":"https:\/\/zonaroja.com.mx\/index.php?rest_route=\/wp\/v2\/posts\/19661\/revisions\/19663"}],"wp:featuredmedia":[{"embeddable":true,"href":"https:\/\/zonaroja.com.mx\/index.php?rest_route=\/wp\/v2\/media\/19662"}],"wp:attachment":[{"href":"https:\/\/zonaroja.com.mx\/index.php?rest_route=%2Fwp%2Fv2%2Fmedia&parent=19661"}],"wp:term":[{"taxonomy":"category","embeddable":true,"href":"https:\/\/zonaroja.com.mx\/index.php?rest_route=%2Fwp%2Fv2%2Fcategories&post=19661"},{"taxonomy":"post_tag","embeddable":true,"href":"https:\/\/zonaroja.com.mx\/index.php?rest_route=%2Fwp%2Fv2%2Ftags&post=19661"}],"curies":[{"name":"wp","href":"https:\/\/api.w.org\/{rel}","templated":true}]}}