{"id":19671,"date":"2020-11-05T08:13:53","date_gmt":"2020-11-05T14:13:53","guid":{"rendered":"http:\/\/www.zonaroja.com.mx\/?p=19671"},"modified":"2020-11-05T08:13:56","modified_gmt":"2020-11-05T14:13:56","slug":"oaxaca-y-guerrero-preven-firmar-acuerdo-de-colaboracion-en-seguridad","status":"publish","type":"post","link":"https:\/\/zonaroja.com.mx\/?p=19671","title":{"rendered":"Oaxaca y Guerrero prev\u00e9n firmar acuerdo de colaboraci\u00f3n en seguridad"},"content":{"rendered":"\n<p>Redacci\u00f3n\/Zona Roja.<\/p>\n\n\n\n<p>Oaxaca de Ju\u00e1rez, Oax., 5 de noviembre de 2020.- Las secretar\u00edas de Seguridad P\u00fablica de Oaxaca y del estado de Guerrero prev\u00e9n firmar un acuerdo de colaboraci\u00f3n, con la finalidad de fortalecer operativos de disuasi\u00f3n y vigilancia en la zona lim\u00edtrofe.<\/p>\n\n\n\n<p>Los titulares de ambas dependencias, Ra\u00fal Ernesto Salcedo Rosales y David Portillo Menchaca, respectivamente, ofrecieron ayer una conferencia de prensa en Acapulco, Guerrero.<\/p>\n\n\n\n<p>Coincidieron en el objetivo de definir acciones concretas que refuercen el orden y la tranquilidad en zona fronteriza de ambas entidades federativas.<\/p>\n\n\n\n<p>Durante la reuni\u00f3n celebrada en el Centro de Control, Comando, Comunicaci\u00f3n, C\u00f3mputo y Coordinaci\u00f3n (C5) del estado de Guerrero, se establecieron los mecanismos de colaboraci\u00f3n y operaci\u00f3n conjunta, para detectar y detener a los principales generadores de violencia de esa franja colindante.<\/p>\n\n\n\n<p>De acuerdo con un comunicado, este encuentro es el primer paso para lograr establecer un trabajo conjunto a trav\u00e9s de las Mesas de Construcci\u00f3n de Paz de ambos estados, en donde tendr\u00e1n participaci\u00f3n los gobernadores; as\u00ed como, las fiscal\u00edas estatales y sus corporaciones integrantes.<\/p>\n\n\n\n<p>El secretario de Seguridad P\u00fablica de Oaxaca, Ernesto Salcedo Rosales, puntualiz\u00f3 que se trata de una estrategia biestatal que permitir\u00e1 generar mejores condiciones para el desarrollo y la paz, de la ciudadan\u00eda asentada en esa demarcaci\u00f3n.<\/p>\n\n\n\n<p>Asimismo, destac\u00f3 el compromiso, colaboraci\u00f3n y coordinaci\u00f3n del gobernador de Guerrero, H\u00e9ctor Astudillo y de su equipo de trabajo, as\u00ed como del titular del Poder Ejecutivo de Oaxaca, Alejandro Murat Hinojosa.<\/p>\n","protected":false},"excerpt":{"rendered":"<p>Redacci\u00f3n\/Zona Roja. Oaxaca de Ju\u00e1rez, Oax., 5 de noviembre de 2020.- Las secretar\u00edas de Seguridad&hellip;<\/p>\n","protected":false},"author":2,"featured_media":19672,"comment_status":"closed","ping_status":"open","sticky":false,"template":"","format":"standard","meta":{"_lmt_disableupdate":"","_lmt_disable":"","_jetpack_memberships_contains_paid_content":false,"footnotes":""},"categories":[109,46],"tags":[175],"class_list":["post-19671","post","type-post","status-publish","format-standard","has-post-thumbnail","hentry","category-minuto-a-minuto","category-zona-blanca","tag-secretaria-de-seguridad-publica-de-oaxaca"],"jetpack_featured_media_url":"https:\/\/zonaroja.com.mx\/wp-content\/uploads\/2020\/11\/SSPO-2.jpeg","jetpack_sharing_enabled":true,"_links":{"self":[{"href":"https:\/\/zonaroja.com.mx\/index.php?rest_route=\/wp\/v2\/posts\/19671","targetHints":{"allow":["GET"]}}],"collection":[{"href":"https:\/\/zonaroja.com.mx\/index.php?rest_route=\/wp\/v2\/posts"}],"about":[{"href":"https:\/\/zonaroja.com.mx\/index.php?rest_route=\/wp\/v2\/types\/post"}],"author":[{"embeddable":true,"href":"https:\/\/zonaroja.com.mx\/index.php?rest_route=\/wp\/v2\/users\/2"}],"replies":[{"embeddable":true,"href":"https:\/\/zonaroja.com.mx\/index.php?rest_route=%2Fwp%2Fv2%2Fcomments&post=19671"}],"version-history":[{"count":1,"href":"https:\/\/zonaroja.com.mx\/index.php?rest_route=\/wp\/v2\/posts\/19671\/revisions"}],"predecessor-version":[{"id":19673,"href":"https:\/\/zonaroja.com.mx\/index.php?rest_route=\/wp\/v2\/posts\/19671\/revisions\/19673"}],"wp:featuredmedia":[{"embeddable":true,"href":"https:\/\/zonaroja.com.mx\/index.php?rest_route=\/wp\/v2\/media\/19672"}],"wp:attachment":[{"href":"https:\/\/zonaroja.com.mx\/index.php?rest_route=%2Fwp%2Fv2%2Fmedia&parent=19671"}],"wp:term":[{"taxonomy":"category","embeddable":true,"href":"https:\/\/zonaroja.com.mx\/index.php?rest_route=%2Fwp%2Fv2%2Fcategories&post=19671"},{"taxonomy":"post_tag","embeddable":true,"href":"https:\/\/zonaroja.com.mx\/index.php?rest_route=%2Fwp%2Fv2%2Ftags&post=19671"}],"curies":[{"name":"wp","href":"https:\/\/api.w.org\/{rel}","templated":true}]}}