{"id":19674,"date":"2020-11-05T08:19:05","date_gmt":"2020-11-05T14:19:05","guid":{"rendered":"http:\/\/www.zonaroja.com.mx\/?p=19674"},"modified":"2020-11-05T08:19:10","modified_gmt":"2020-11-05T14:19:10","slug":"revisa-personal-judicial-alcances-de-la-mediacion-penitenciaria","status":"publish","type":"post","link":"https:\/\/zonaroja.com.mx\/?p=19674","title":{"rendered":"Revisa personal judicial alcances de la mediaci\u00f3n penitenciaria"},"content":{"rendered":"\n<p>Redacci\u00f3n\/Zona Roja.<\/p>\n\n\n\n<p>Oaxaca de Ju\u00e1rez, Oax., 5 de noviembre de 2020.- Como parte del curso en l\u00ednea \u201cPsicopatolog\u00eda Forense, Coordinaci\u00f3n Parental y Tribunales de Justicia\u201d, impartido por el reconocido acad\u00e9mico e investigador del Instituto Nacional de Ciencias Penales (INACIPE), Eric Garc\u00eda L\u00f3pez, a personal del Poder Judicial del Estado, se realizaron las conferencias magistrales \u201cNeurocriminolog\u00eda: predicci\u00f3n y delito\u201d y \u201cMediaci\u00f3n penitenciaria\u201d.<\/p>\n\n\n\n<p>Las ponencias estuvieron a cargo de Aura Itzel Ruiz Guarneros, investigadora asistente del INACIPE y miembro de la Sociedad Mexicana de Criminolog\u00eda y Martha Vanesa D\u00edaz Padilla, presidenta del Instituto de Ciencias Psicojur\u00eddicas y Sociales (IPSIJUS), as\u00ed como Directora General de la Asociaci\u00f3n Mexicana de Psicolog\u00eda Jur\u00eddica y Derecho Penal, A.C.<\/p>\n\n\n\n<p>Sobre \u201cNeurocriminolog\u00eda: predicci\u00f3n y delito\u201d, Ruiz Guarneros se\u00f1al\u00f3 que actualmente ya es una pr\u00e1ctica frecuente que en algunos tribunales de justicia de ciertos pa\u00edses se est\u00e9n utilizando la t\u00e9cnica de neuroimagen y generado nuevas investigaciones para tratar de explicar el comportamiento.<\/p>\n\n\n\n<p>\u201cNo se trata de extraer conclusiones generales y deterministas sobre el delito y la criminalidad, ya que se trata de un fen\u00f3meno complejo en el que existen diferentes y m\u00faltiples causales, sin embargo actualmente vivimos en la \u00e9poca de las \u201cNeuro\u201d: Neuroderecho, Neuropol\u00edtica, Neuro\u00e9tica, abriendo paso a conocimientos sobre el funcionamiento del cerebro y las implicaciones que puede tener el al \u00e1mbito del sistema penal\u201d, mencion\u00f3.<\/p>\n\n\n\n<p>La investigadora asistente del INACIPE, coment\u00f3 que la conducta nunca se origina por una sola causa. M\u00e1s bien es el resultado de una compleja red de interrelaciones y factores, entre ellos, se considera las tendencias heredadas de un individuo, la anatom\u00eda del cerebro y experiencias de la infancia.<\/p>\n\n\n\n<p>Por su parte, la maestra Martha Vanesa D\u00edaz Padilla, al abordar la mediaci\u00f3n penitenciaria, resalt\u00f3 que el sistema penitenciario necesita generar alternativas a las actuales formas de relacionarse entre personas privadas de libertad y autoridades, generar espacios de di\u00e1logo para manifestar conflictos e inconformidades, lo cual contribuir\u00e1 en disminuir la prevalencia de conductas disruptivas y no involucrarse en delitos dentro de la prisi\u00f3n.<\/p>\n\n\n\n<p>La mediaci\u00f3n penitenciaria, al igual que los diferentes enfoques de mediaci\u00f3n, est\u00e1 dise\u00f1ada para que los involucrados ante una controversia puedan gestionar sus conflictos ponderando la pr\u00e1ctica de habilidades sociocognitivas de forma positiva, accionando la interdependencia de posturas y posiciones ante el conflicto, plante\u00f3.<\/p>\n","protected":false},"excerpt":{"rendered":"<p>Redacci\u00f3n\/Zona Roja. Oaxaca de Ju\u00e1rez, Oax., 5 de noviembre de 2020.- Como parte del curso&hellip;<\/p>\n","protected":false},"author":2,"featured_media":19675,"comment_status":"closed","ping_status":"open","sticky":false,"template":"","format":"standard","meta":{"_lmt_disableupdate":"","_lmt_disable":"","_jetpack_memberships_contains_paid_content":false,"footnotes":""},"categories":[109,46],"tags":[223],"class_list":["post-19674","post","type-post","status-publish","format-standard","has-post-thumbnail","hentry","category-minuto-a-minuto","category-zona-blanca","tag-poder-judicial-de-oaxaca"],"jetpack_featured_media_url":"https:\/\/zonaroja.com.mx\/wp-content\/uploads\/2020\/11\/03-CONFERENCIAS.jpg","jetpack_sharing_enabled":true,"_links":{"self":[{"href":"https:\/\/zonaroja.com.mx\/index.php?rest_route=\/wp\/v2\/posts\/19674","targetHints":{"allow":["GET"]}}],"collection":[{"href":"https:\/\/zonaroja.com.mx\/index.php?rest_route=\/wp\/v2\/posts"}],"about":[{"href":"https:\/\/zonaroja.com.mx\/index.php?rest_route=\/wp\/v2\/types\/post"}],"author":[{"embeddable":true,"href":"https:\/\/zonaroja.com.mx\/index.php?rest_route=\/wp\/v2\/users\/2"}],"replies":[{"embeddable":true,"href":"https:\/\/zonaroja.com.mx\/index.php?rest_route=%2Fwp%2Fv2%2Fcomments&post=19674"}],"version-history":[{"count":1,"href":"https:\/\/zonaroja.com.mx\/index.php?rest_route=\/wp\/v2\/posts\/19674\/revisions"}],"predecessor-version":[{"id":19676,"href":"https:\/\/zonaroja.com.mx\/index.php?rest_route=\/wp\/v2\/posts\/19674\/revisions\/19676"}],"wp:featuredmedia":[{"embeddable":true,"href":"https:\/\/zonaroja.com.mx\/index.php?rest_route=\/wp\/v2\/media\/19675"}],"wp:attachment":[{"href":"https:\/\/zonaroja.com.mx\/index.php?rest_route=%2Fwp%2Fv2%2Fmedia&parent=19674"}],"wp:term":[{"taxonomy":"category","embeddable":true,"href":"https:\/\/zonaroja.com.mx\/index.php?rest_route=%2Fwp%2Fv2%2Fcategories&post=19674"},{"taxonomy":"post_tag","embeddable":true,"href":"https:\/\/zonaroja.com.mx\/index.php?rest_route=%2Fwp%2Fv2%2Ftags&post=19674"}],"curies":[{"name":"wp","href":"https:\/\/api.w.org\/{rel}","templated":true}]}}