{"id":1968,"date":"2019-07-02T07:17:47","date_gmt":"2019-07-02T12:17:47","guid":{"rendered":"http:\/\/www.zonaroja.com.mx\/?p=1968"},"modified":"2019-07-02T07:17:49","modified_gmt":"2019-07-02T12:17:49","slug":"impune-asesinato-de-dos-transportistas-tras-enfrentamiento","status":"publish","type":"post","link":"https:\/\/zonaroja.com.mx\/?p=1968","title":{"rendered":"Impune, asesinato de dos transportistas tras enfrentamiento"},"content":{"rendered":"\n<p>Ismael\nGarc\u00eda M.<\/p>\n\n\n\n<p>Oaxaca de\nJu\u00e1rez, Oax., 2 de julio de 2019.- A ocho d\u00edas del enfrentamiento entre\ntransportistas del Sindicato \u201cLibertad\u201d y la Confederaci\u00f3n Aut\u00f3noma de Trabajadores\ny Empleados, el homicidio por arma de fuego de dos personas permanece impune.<\/p>\n\n\n\n<p>Hasta el\nmomento no hay personas detenidas por participar en los hechos, pese a los\ndiversos videos y fotograf\u00edas que circularon de los hechos violentos ocurridos\nel 25 de junio, d\u00eda en que designaron al nuevo titular de la Secretar\u00eda de\nSeguridad P\u00fablica, Ra\u00fal Ernesto Salcedo.<\/p>\n\n\n\n<p>En escuetas\ndeclaraciones, el fiscal Rub\u00e9n Vasconcelos M\u00e9ndez ha dicho solamente que se\nest\u00e1 investigando y que no habr\u00e1 impunidad; sin embargo, integrantes del\nSindicato \u201cLibertad\u201d aseguraron que si no hay castigo a los responsables del\nasesinato de dos de sus afiliados, en breve realizar\u00e1n nuevas movilizaciones.<\/p>\n\n\n\n<p>Tampoco\nSeguridad P\u00fablica estatal ha informado si acat\u00f3 las medidas dictadas por la Defensor\u00eda\nde los Derechos Humanos del Pueblo de Oaxaca (DDHPO).<\/p>\n\n\n\n<p>Entre ellas,\nimplementar medidas de seguridad y vigilancia en la zona de Trinidad de Viguera,\ndonde ocurrieron los hechos.<\/p>\n\n\n\n<p>Asimismo, a\ntrav\u00e9s del Cuaderno de Antecedentes DDHPO\/CA\/365\/(01)\/OAX\/2019, <\/p>\n\n\n\n<p>pidi\u00f3\nsalvaguardar la integridad, bienes y derechos de los transe\u00fantes y vecinos de\nla citada agencia municipal de Oaxaca de Ju\u00e1rez; no obstante, no hay vigilancia\nen la zona.<\/p>\n\n\n\n<p>La DDHPO hizo\nun recuento de los hechos violentos ocurridos recientemente, entre ellos el 5\nde marzo pasado, por una disputa librada en la zona de bodegas del Mercado de\nAbasto que dej\u00f3 heridos y una persona muerta.<\/p>\n\n\n\n<p>Mientras que\nel 2 de junio un dirigente de la CATEM fue asesinado en inmediaciones de la ribera\ndel r\u00edo \u201cAtoyac\u201d, cuando realizaba un tequio.<\/p>\n\n\n\n<p>\u201cEn este\ncontexto, la Defensor\u00eda pidi\u00f3 a las autoridades atender de fondo la\nproblem\u00e1tica para evitar la repetici\u00f3n de los hechos y garantizar seguridad a\nla poblaci\u00f3n de la capital oaxaque\u00f1a\u201d, refiri\u00f3 el organismo.<\/p>\n\n\n\n<p>A la vez, se\npronunci\u00f3 por el restablecimiento de la paz p\u00fablica en el municipio &nbsp;de Oaxaca de Ju\u00e1rez y en toda la entidad.<\/p>\n","protected":false},"excerpt":{"rendered":"<p>Ismael Garc\u00eda M. Oaxaca de Ju\u00e1rez, Oax., 2 de julio de 2019.- A ocho d\u00edas&hellip;<\/p>\n","protected":false},"author":2,"featured_media":1841,"comment_status":"closed","ping_status":"open","sticky":false,"template":"","format":"standard","meta":{"_lmt_disableupdate":"","_lmt_disable":"","_jetpack_memberships_contains_paid_content":false,"footnotes":""},"categories":[109,51],"tags":[],"class_list":["post-1968","post","type-post","status-publish","format-standard","has-post-thumbnail","hentry","category-minuto-a-minuto","category-zona-roja"],"jetpack_featured_media_url":"https:\/\/zonaroja.com.mx\/wp-content\/uploads\/2019\/06\/Enfrentamiento-CATEM-y-Libertad-Viguera-4.jpg","jetpack_sharing_enabled":true,"_links":{"self":[{"href":"https:\/\/zonaroja.com.mx\/index.php?rest_route=\/wp\/v2\/posts\/1968","targetHints":{"allow":["GET"]}}],"collection":[{"href":"https:\/\/zonaroja.com.mx\/index.php?rest_route=\/wp\/v2\/posts"}],"about":[{"href":"https:\/\/zonaroja.com.mx\/index.php?rest_route=\/wp\/v2\/types\/post"}],"author":[{"embeddable":true,"href":"https:\/\/zonaroja.com.mx\/index.php?rest_route=\/wp\/v2\/users\/2"}],"replies":[{"embeddable":true,"href":"https:\/\/zonaroja.com.mx\/index.php?rest_route=%2Fwp%2Fv2%2Fcomments&post=1968"}],"version-history":[{"count":1,"href":"https:\/\/zonaroja.com.mx\/index.php?rest_route=\/wp\/v2\/posts\/1968\/revisions"}],"predecessor-version":[{"id":1969,"href":"https:\/\/zonaroja.com.mx\/index.php?rest_route=\/wp\/v2\/posts\/1968\/revisions\/1969"}],"wp:featuredmedia":[{"embeddable":true,"href":"https:\/\/zonaroja.com.mx\/index.php?rest_route=\/wp\/v2\/media\/1841"}],"wp:attachment":[{"href":"https:\/\/zonaroja.com.mx\/index.php?rest_route=%2Fwp%2Fv2%2Fmedia&parent=1968"}],"wp:term":[{"taxonomy":"category","embeddable":true,"href":"https:\/\/zonaroja.com.mx\/index.php?rest_route=%2Fwp%2Fv2%2Fcategories&post=1968"},{"taxonomy":"post_tag","embeddable":true,"href":"https:\/\/zonaroja.com.mx\/index.php?rest_route=%2Fwp%2Fv2%2Ftags&post=1968"}],"curies":[{"name":"wp","href":"https:\/\/api.w.org\/{rel}","templated":true}]}}