{"id":19680,"date":"2020-11-05T10:25:47","date_gmt":"2020-11-05T16:25:47","guid":{"rendered":"http:\/\/www.zonaroja.com.mx\/?p=19680"},"modified":"2020-11-05T10:25:50","modified_gmt":"2020-11-05T16:25:50","slug":"demanda-diputada-al-poder-judicial-evitar-mas-impunidad-en-caso-de-feminicidio","status":"publish","type":"post","link":"https:\/\/zonaroja.com.mx\/?p=19680","title":{"rendered":"Demanda diputada al Poder Judicial evitar m\u00e1s impunidad en caso de feminicidio"},"content":{"rendered":"\n<p>Redacci\u00f3n\/Zona Roja.<\/p>\n\n\n\n<p>Oaxaca de Ju\u00e1rez, Oax., 4 de noviembre del 2020.- La diputada Magaly L\u00f3pez Dom\u00ednguez, presidenta de la Comisi\u00f3n de Derechos Humanos del Congreso de Oaxaca, solicit\u00f3 al Juzgado Cuarto de lo Penal del Poder Judicial, evitar la impunidad por el feminicidio de Rosal\u00eda Garc\u00eda Garc\u00eda.<\/p>\n\n\n\n<p>En este sentido, urgi\u00f3 se\u00f1alar las posibles omisiones en las&nbsp; que haya incurrido el Ministerio P\u00fablico de Oaxaca, dependiente de la Fiscal\u00eda General del Estado, durante el proceso asentado en el expediente 73\/2019.<\/p>\n\n\n\n<p>Puntualiz\u00f3 que Rosal\u00eda Garc\u00eda Garc\u00eda es madre de la diputada infantil Ver\u00f3nica Ramos Garc\u00eda, quien en junio de 2019, durante la celebraci\u00f3n del Parlamento Infantil, denunci\u00f3 la impunidad que persiste en el asesinato de su madre, registrado el 22 de julio del 2014 en Santa Cruz Xoxocotl\u00e1n, Oaxaca.<\/p>\n\n\n\n<p>En su denuncia p\u00fablica, la congresista infantil cuestion\u00f3 al gobernador Alejandro Murat Hinojosa; al fiscal General del Estado, Rub\u00e9n Vasconcelos M\u00e9ndez; y a la titular de la Secretar\u00eda de las Mujeres de Oaxaca (SMO), Ana V\u00e1squez Colmenares, sobre las cifras de la ni\u00f1ez hu\u00e9rfana por el delito de feminicidio en el estado, as\u00ed como la desatenci\u00f3n que tiene el estado con la infancia oaxaque\u00f1a.<\/p>\n\n\n\n<p>La denuncia de la menor deriv\u00f3 que desde junio de 2019, la misma legisladora solicitara al Fiscal General del Estado, a que abordara de manera seria y profunda las investigaciones relacionadas con la causa abierta por el feminicidio de Rosal\u00eda Garc\u00eda Garc\u00eda, solicitud que no tuvo resultados positivos.<\/p>\n\n\n\n<p>Durante la sesi\u00f3n de la Diputaci\u00f3n Permanente realizada este mi\u00e9rcoles 4 de noviembre, la diputada Magaly L\u00f3pez Dom\u00ednguez, solicit\u00f3 al titular del Poder Judicial del Estado (PJEO), Eduardo Pinacho S\u00e1nchez, promover entre las y los juzgadores del estado de Oaxaca, la debida diligencia en los casos de feminicidio para acabar con la impunidad en lo referente a ese delito.<\/p>\n\n\n\n<p>La proposici\u00f3n con Punto de Acuerdo, fue turnada para su an\u00e1lisis y dictamen a la Comisi\u00f3n Permanente correspondiente.<\/p>\n","protected":false},"excerpt":{"rendered":"<p>Redacci\u00f3n\/Zona Roja. Oaxaca de Ju\u00e1rez, Oax., 4 de noviembre del 2020.- La diputada Magaly L\u00f3pez&hellip;<\/p>\n","protected":false},"author":2,"featured_media":1666,"comment_status":"closed","ping_status":"open","sticky":false,"template":"","format":"standard","meta":{"_lmt_disableupdate":"","_lmt_disable":"","_jetpack_memberships_contains_paid_content":false,"footnotes":""},"categories":[109,47],"tags":[192],"class_list":["post-19680","post","type-post","status-publish","format-standard","has-post-thumbnail","hentry","category-minuto-a-minuto","category-zona-gris","tag-diputada-magaly-lopez-dominguez"],"jetpack_featured_media_url":"https:\/\/zonaroja.com.mx\/wp-content\/uploads\/2019\/06\/Rosal\u00eda-Garc\u00eda-Xoxo.jpg","jetpack_sharing_enabled":true,"_links":{"self":[{"href":"https:\/\/zonaroja.com.mx\/index.php?rest_route=\/wp\/v2\/posts\/19680","targetHints":{"allow":["GET"]}}],"collection":[{"href":"https:\/\/zonaroja.com.mx\/index.php?rest_route=\/wp\/v2\/posts"}],"about":[{"href":"https:\/\/zonaroja.com.mx\/index.php?rest_route=\/wp\/v2\/types\/post"}],"author":[{"embeddable":true,"href":"https:\/\/zonaroja.com.mx\/index.php?rest_route=\/wp\/v2\/users\/2"}],"replies":[{"embeddable":true,"href":"https:\/\/zonaroja.com.mx\/index.php?rest_route=%2Fwp%2Fv2%2Fcomments&post=19680"}],"version-history":[{"count":1,"href":"https:\/\/zonaroja.com.mx\/index.php?rest_route=\/wp\/v2\/posts\/19680\/revisions"}],"predecessor-version":[{"id":19681,"href":"https:\/\/zonaroja.com.mx\/index.php?rest_route=\/wp\/v2\/posts\/19680\/revisions\/19681"}],"wp:featuredmedia":[{"embeddable":true,"href":"https:\/\/zonaroja.com.mx\/index.php?rest_route=\/wp\/v2\/media\/1666"}],"wp:attachment":[{"href":"https:\/\/zonaroja.com.mx\/index.php?rest_route=%2Fwp%2Fv2%2Fmedia&parent=19680"}],"wp:term":[{"taxonomy":"category","embeddable":true,"href":"https:\/\/zonaroja.com.mx\/index.php?rest_route=%2Fwp%2Fv2%2Fcategories&post=19680"},{"taxonomy":"post_tag","embeddable":true,"href":"https:\/\/zonaroja.com.mx\/index.php?rest_route=%2Fwp%2Fv2%2Ftags&post=19680"}],"curies":[{"name":"wp","href":"https:\/\/api.w.org\/{rel}","templated":true}]}}