{"id":19682,"date":"2020-11-05T10:33:04","date_gmt":"2020-11-05T16:33:04","guid":{"rendered":"http:\/\/www.zonaroja.com.mx\/?p=19682"},"modified":"2020-11-05T10:33:07","modified_gmt":"2020-11-05T16:33:07","slug":"frida-guerrera-y-el-dia-de-muertas-hasta-que-el-ni-una-mas-sea-una-realidad","status":"publish","type":"post","link":"https:\/\/zonaroja.com.mx\/?p=19682","title":{"rendered":"Frida Guerrera y el \u201cD\u00eda de muertas\u201d, hasta que el \u201cNi una m\u00e1s\u201d sea una realidad"},"content":{"rendered":"\n<p>Evlin Arag\u00f3n\/Zona Roja.<\/p>\n\n\n\n<p>\u201cCada a\u00f1o buscamos conmemorar el \u2018D\u00eda de muertas\u2019 porque ellas no murieron, las asesinaron. Ella no son parte de un tradicional altar, tampoco son catrinas, son nuestras hijas, madres, hermanas y sus altares son un eterno recuerdo de que ya no est\u00e1n\u201d.&nbsp;<\/p>\n\n\n\n<p>Son las sentidas palabras de Cintia Rodr\u00edguez, t\u00eda de Dulce Lilian, joven v\u00edctima de feminicidio, que desde hace unos a\u00f1os forma parte del colectivo \u201cVoces de la Ausencia\u201d, para cuyas integrantes es indispensable seguir gritando por justicia, verdad y reparaci\u00f3n del da\u00f1o.<\/p>\n\n\n\n<p>Desde el a\u00f1o 2018, la periodista y activista Frida Guerrera en conjunto con dicho colectivo, marchan el 3 de noviembre en la Ciudad de M\u00e9xico, como parte de la acci\u00f3n que han denominado \u201cD\u00eda de muertas\u201d, cuya intenci\u00f3n es que el feminicidio no sea una tradici\u00f3n y la consigna de \u201cNi una m\u00e1s\u201d sea una realidad.&nbsp;<\/p>\n\n\n\n<p>Sin embargo, este a\u00f1o debido a la pandemia y ponderando la salud de las activistas, la protesta se traslad\u00f3 a las redes sociales, desde donde familiares de las v\u00edctimas aseguraron que pese al dolor que a\u00fan viven, conf\u00edan en que la justicia llegar\u00e1 a todo el pa\u00eds.\u00a0\u00a0<\/p>\n\n\n\n<p>\u201cA pesar de que a muchos no les importa nuestro dolor, a pesar de que no sabemos d\u00f3nde est\u00e1n muchas ni\u00f1as, nuestras hijas, estamos seguras de que la justicia se encuentra; nosotras la hemos alcanzado para algunas familias y as\u00ed seguiremos haci\u00e9ndolo\u201d, refieren Angel\u00edn Res\u00e9ndiz Gonz\u00e1lez y Jos\u00e9 Luis Vite Romero, padres de Joseline Vianey, v\u00edctimade feminicidio.&nbsp;<\/p>\n\n\n\n<p>A la campa\u00f1a en redes se unieron familiares de Mariana Joselin, Karen Estefania, Diana Lizeth, Leslye, Imelda, Lizbeth, Brenda, Yeslie Yetzemanie, Nohem\u00ed Hayd\u00e9e, Rosalinda Esthefanie, Ximena, Mandy, Karla Alejandra, Ivana Nicole, Ang\u00e9lica, Karen Briseida, Sara Abigail, y M\u00f3nica, de distintas entidades del pa\u00eds.<\/p>\n\n\n\n<figure class=\"wp-block-embed-twitter wp-block-embed is-type-rich is-provider-twitter\"><div class=\"wp-block-embed__wrapper\">\n<div class=\"twitter-tweet\"><blockquote class=\"twitter-tweet\" data-lang=\"es\"><p lang=\"es\" dir=\"ltr\"><a href=\"https:\/\/twitter.com\/hashtag\/3DeNoviembre?src=hash&amp;ref_src=twsrc%5Etfw\">#3DeNoviembre<\/a>. D\u00eda de muertas; porque no murieron, las asesinaron. <a href=\"https:\/\/t.co\/9tjAbwzvgO\">https:\/\/t.co\/9tjAbwzvgO<\/a>&#8230; ellas no ser\u00e1n nota. Porque no salieron este a\u00f1o a marchar. Pensando en el bien com\u00fan. <a href=\"https:\/\/t.co\/Grotb6eRKK\">https:\/\/t.co\/Grotb6eRKK<\/a><\/p>&mdash; FridaGuerrera #NiUnaM\u00e1s (@Fridaguerrera) <a href=\"https:\/\/twitter.com\/Fridaguerrera\/status\/1322374891748904962?ref_src=twsrc%5Etfw\">31 de octubre de 2020<\/a><\/blockquote><\/div>\n<\/div><\/figure>\n\n\n\n<p>As\u00ed mismo madres, hermanas e hijas de Adriana, Naela Daniela, Emma Gabriela, Diana Elizabeth, Karla Angelica, Gabriela, Norma, Ang\u00e9lica, Azucena, Eva, Sol y Graciela, Olga Alicia, Karla Elizabeth, F\u00e1tima, Ana Mireya, Martha, Itzel, Patricia, Jocelyn Gabriela.<\/p>\n\n\n\n<p>Saira Valenzuela Brizuela, integrante de \u201cVoces de la Ausencia\u201d, explic\u00f3 que a m\u00e1s de tres a\u00f1os del feminicidio de su hija Mariana Yocelyn, apenas ha iniciado el juicio oral en contra del agresor, al cual aprendieron hace un a\u00f1o debido a la presi\u00f3n que ejercieron como colectivo.&nbsp;<\/p>\n\n\n\n<p>\u201cEs terrible, una situaci\u00f3n terrible, a todas las familias que nos hemos enfrentado con esta epidemia nos ha cambiado la vida dr\u00e1sticamente, es muy duro. Jam\u00e1s se vuelve a ser como antes, caminamos y respiramos, pero eso ya no es vida para ninguna de nosotras\u201d, dijo.&nbsp;<\/p>\n\n\n\n<p>Por lo anterior, impulsan que el 3 de noviembre sea considerado oficialmente en M\u00e9xico como \u201cD\u00eda de muertas\u201d, con la intenci\u00f3n de no olvidar que las v\u00edctimas de feminicidio no murieron, por el contrario, fueron asesinadas que no es lo mismo, situaci\u00f3n que debe ser diferenciada por las autoridades y la sociedad en general.\u00a0<\/p>\n\n\n\n<p>Y aunque en esta ocasi\u00f3n no pudieron marchar, el grito de justicia para sus hijas, sobrinas, hermanas y madres se tradujo en los hashtags #3N #3DeNoviembre #D\u00edaDeMuertas #NiUnaM\u00e1s #JusticiaParaTodas y #SomosVocesDeLaAusencia, mismos que posicionaron en las redes sociales.&nbsp;<\/p>\n","protected":false},"excerpt":{"rendered":"<p>Evlin Arag\u00f3n\/Zona Roja. \u201cCada a\u00f1o buscamos conmemorar el \u2018D\u00eda de muertas\u2019 porque ellas no murieron,&hellip;<\/p>\n","protected":false},"author":2,"featured_media":19683,"comment_status":"closed","ping_status":"open","sticky":false,"template":"","format":"standard","meta":{"_lmt_disableupdate":"","_lmt_disable":"","_jetpack_memberships_contains_paid_content":false,"footnotes":""},"categories":[109,47],"tags":[],"class_list":["post-19682","post","type-post","status-publish","format-standard","has-post-thumbnail","hentry","category-minuto-a-minuto","category-zona-gris"],"jetpack_featured_media_url":"https:\/\/zonaroja.com.mx\/wp-content\/uploads\/2020\/11\/Dia-de-Muertas-Frida-Guerrera.jpg","jetpack_sharing_enabled":true,"_links":{"self":[{"href":"https:\/\/zonaroja.com.mx\/index.php?rest_route=\/wp\/v2\/posts\/19682","targetHints":{"allow":["GET"]}}],"collection":[{"href":"https:\/\/zonaroja.com.mx\/index.php?rest_route=\/wp\/v2\/posts"}],"about":[{"href":"https:\/\/zonaroja.com.mx\/index.php?rest_route=\/wp\/v2\/types\/post"}],"author":[{"embeddable":true,"href":"https:\/\/zonaroja.com.mx\/index.php?rest_route=\/wp\/v2\/users\/2"}],"replies":[{"embeddable":true,"href":"https:\/\/zonaroja.com.mx\/index.php?rest_route=%2Fwp%2Fv2%2Fcomments&post=19682"}],"version-history":[{"count":1,"href":"https:\/\/zonaroja.com.mx\/index.php?rest_route=\/wp\/v2\/posts\/19682\/revisions"}],"predecessor-version":[{"id":19684,"href":"https:\/\/zonaroja.com.mx\/index.php?rest_route=\/wp\/v2\/posts\/19682\/revisions\/19684"}],"wp:featuredmedia":[{"embeddable":true,"href":"https:\/\/zonaroja.com.mx\/index.php?rest_route=\/wp\/v2\/media\/19683"}],"wp:attachment":[{"href":"https:\/\/zonaroja.com.mx\/index.php?rest_route=%2Fwp%2Fv2%2Fmedia&parent=19682"}],"wp:term":[{"taxonomy":"category","embeddable":true,"href":"https:\/\/zonaroja.com.mx\/index.php?rest_route=%2Fwp%2Fv2%2Fcategories&post=19682"},{"taxonomy":"post_tag","embeddable":true,"href":"https:\/\/zonaroja.com.mx\/index.php?rest_route=%2Fwp%2Fv2%2Ftags&post=19682"}],"curies":[{"name":"wp","href":"https:\/\/api.w.org\/{rel}","templated":true}]}}