{"id":19686,"date":"2020-11-05T13:36:34","date_gmt":"2020-11-05T19:36:34","guid":{"rendered":"https:\/\/www.zonaroja.com.mx\/?p=19686"},"modified":"2020-11-05T13:36:38","modified_gmt":"2020-11-05T19:36:38","slug":"menos-dinero-a-partidos-politicos-piden-jovenes-a-diputados-federales","status":"publish","type":"post","link":"https:\/\/zonaroja.com.mx\/?p=19686","title":{"rendered":"Menos dinero a partidos pol\u00edticos, piden j\u00f3venes a diputados federales"},"content":{"rendered":"\n<p class=\"MsoNormal\">Evlin Arag\u00f3n\/Zona Roja.<\/p>\n\n\n\n<p class=\"MsoNormal\">Oaxaca de Ju\u00e1rez, Oax., 5 de noviembre de 2020.- Convencidos de que M\u00e9xico y el mundo viven una crisis econ\u00f3mica sin precedentes, Octavio Pineda y Ramiro Su\u00e1rez, j\u00f3venes originarios de Santa Mar\u00eda Huatulco, presentaron una iniciativa ante el Congreso local mediante la cual buscan la reducci\u00f3n del presupuesto asignado a los partidos pol\u00edticos. <\/p>\n\n\n\n<p class=\"MsoNormal\">\u201cComo ciudadanos este es el primer paso, ahora le corresponde a las y los legisladores oaxaque\u00f1os que acepten el compromiso y la responsabilidad que tienen con nuestro pueblo, son momentos de austeridad y liderazgo, ayudemos a hacer historia\u201d, refiere Octavio Pineda a trav\u00e9s de sus redes sociales.&nbsp;<\/p>\n\n\n\n<p class=\"MsoNormal\">De acuerdo con los j\u00f3venes, la iniciativa recientemente presentada ante el Congreso local busca no s\u00f3lo reducir el financiamiento p\u00fablico a partidos pol\u00edticos de Oaxaca, sino tambi\u00e9n generar ahorros de hasta 150 millones de pesos de manera anual.&nbsp;<\/p>\n\n\n\n<p class=\"MsoNormal\">Y es que explicaron que en este 2020 los partidos con registro en el Instituto Nacional Electoral (INE) recibir\u00e1n un monto total de 160 millones de pesos en la entidad oaxaque\u00f1a, el cual subir\u00e1 considerablemente a 220 millones para el siguiente a\u00f1o, que est\u00e1n programadas elecciones federales.&nbsp;&nbsp;<\/p>\n\n\n\n<p class=\"MsoNormal\">Dicho recurso servir\u00eda para comprar 300 ambulancias, 320 camas de hospital, 82 equipos de mastograf\u00eda, lo cual servir\u00eda para atender la crisis econ\u00f3mica y sanitaria derivada de la pandemia por Covid-19 y que sin duda se agravara en caso de no tomar las medidas correspondientes.&nbsp;&nbsp;<\/p>\n\n\n\n<p class=\"MsoNormal\">\u201cEn tiempos como los que vivimos actualmente, los recursos p\u00fablicos deben utilizarse en lo que realmente se necesita: salud, seguridad, avance econ\u00f3mico y social. Es fundamental combatir la pobreza y el hambre, as\u00ed como otorgar mejores oportunidades a las y los oaxaque\u00f1os\u201d, refiri\u00f3.&nbsp;&nbsp;&nbsp;<\/p>\n\n\n\n<p class=\"MsoNormal\">En un video publicado en sus redes, Ramiro Su\u00e1rez detall\u00f3 que iniciativas de este tipo han prosperado en estados como Jalisco y Veracruz que aprobaron reformas a sus leyes electorales para disminuir el financiamiento, por lo que no duda que se pueda consolidar en la entidad oaxaque\u00f1a, siempre y cuando exista un respaldo por parte de las y los legisladores.&nbsp;<\/p>\n\n\n\n<p class=\"MsoNormal\">\u201c\u00bfQu\u00e9 pasar\u00eda si en Oaxaca tuvi\u00e9ramos la misma f\u00f3rmula de asignaci\u00f3n de recursos p\u00fablicos que en Jalisco? Nada m\u00e1s tendr\u00edamos un ahorro en el 2020 superior a los 100 millones de pesos y en el 2021 a los 150 millones de pesos\u201d, sentenci\u00f3.&nbsp;&nbsp;<\/p>\n\n\n\n<p class=\"MsoNormal\">Al respecto, indic\u00f3 que la Legislatura actual ha logrado reformas relevantes en el estado, las cuales se han convertido en un ejemplo para el resto de las entidades federativas, por lo que la consolidaci\u00f3n de esta iniciativa ciudadana, podr\u00eda ser un paso m\u00e1s hacia adelante en el desarrollo legislativo del Congreso: m\u00e1s ciudadano y m\u00e1s cercano a las necesidades de la poblaci\u00f3n. <\/p>\n\n\n\n<p class=\"MsoNormal\">Finalmente ambos j\u00f3venes explicaron que la propuesta no pretende poner en riesgo las actividades de los partido pol\u00edticos y mucho menos vulnerar los derechos pol\u00edtico electorales de sus integrantes, sin embargo, s\u00ed busca fomentar el manejo de recursos p\u00fablicos eficientes y cumpliendo con el principio de austeridad.  <\/p>\n\n\n\n<p><\/p>\n","protected":false},"excerpt":{"rendered":"<p>Evlin Arag\u00f3n\/Zona Roja. Oaxaca de Ju\u00e1rez, Oax., 5 de noviembre de 2020.- Convencidos de que&hellip;<\/p>\n","protected":false},"author":2,"featured_media":19685,"comment_status":"closed","ping_status":"open","sticky":false,"template":"","format":"standard","meta":{"_lmt_disableupdate":"","_lmt_disable":"","_jetpack_memberships_contains_paid_content":false,"footnotes":""},"categories":[109,47],"tags":[],"class_list":["post-19686","post","type-post","status-publish","format-standard","has-post-thumbnail","hentry","category-minuto-a-minuto","category-zona-gris"],"jetpack_featured_media_url":"https:\/\/zonaroja.com.mx\/wp-content\/uploads\/2020\/11\/img_0557.jpg","jetpack_sharing_enabled":true,"_links":{"self":[{"href":"https:\/\/zonaroja.com.mx\/index.php?rest_route=\/wp\/v2\/posts\/19686","targetHints":{"allow":["GET"]}}],"collection":[{"href":"https:\/\/zonaroja.com.mx\/index.php?rest_route=\/wp\/v2\/posts"}],"about":[{"href":"https:\/\/zonaroja.com.mx\/index.php?rest_route=\/wp\/v2\/types\/post"}],"author":[{"embeddable":true,"href":"https:\/\/zonaroja.com.mx\/index.php?rest_route=\/wp\/v2\/users\/2"}],"replies":[{"embeddable":true,"href":"https:\/\/zonaroja.com.mx\/index.php?rest_route=%2Fwp%2Fv2%2Fcomments&post=19686"}],"version-history":[{"count":1,"href":"https:\/\/zonaroja.com.mx\/index.php?rest_route=\/wp\/v2\/posts\/19686\/revisions"}],"predecessor-version":[{"id":19687,"href":"https:\/\/zonaroja.com.mx\/index.php?rest_route=\/wp\/v2\/posts\/19686\/revisions\/19687"}],"wp:featuredmedia":[{"embeddable":true,"href":"https:\/\/zonaroja.com.mx\/index.php?rest_route=\/wp\/v2\/media\/19685"}],"wp:attachment":[{"href":"https:\/\/zonaroja.com.mx\/index.php?rest_route=%2Fwp%2Fv2%2Fmedia&parent=19686"}],"wp:term":[{"taxonomy":"category","embeddable":true,"href":"https:\/\/zonaroja.com.mx\/index.php?rest_route=%2Fwp%2Fv2%2Fcategories&post=19686"},{"taxonomy":"post_tag","embeddable":true,"href":"https:\/\/zonaroja.com.mx\/index.php?rest_route=%2Fwp%2Fv2%2Ftags&post=19686"}],"curies":[{"name":"wp","href":"https:\/\/api.w.org\/{rel}","templated":true}]}}