{"id":19689,"date":"2020-11-05T13:44:45","date_gmt":"2020-11-05T19:44:45","guid":{"rendered":"https:\/\/www.zonaroja.com.mx\/?p=19689"},"modified":"2020-11-05T13:44:49","modified_gmt":"2020-11-05T19:44:49","slug":"dos-jovenes-mas-en-la-costa-y-sierra-sur-estan-desaparecidas","status":"publish","type":"post","link":"https:\/\/zonaroja.com.mx\/?p=19689","title":{"rendered":"Dos j\u00f3venes m\u00e1s, en la Costa y Sierra Sur, est\u00e1n desaparecidas"},"content":{"rendered":"\n<p class=\"MsoNormal\">Yuridiana Sosa\/Zona Roja. <\/p>\n\n\n\n<p class=\"MsoNormal\">Oaxaca de Ju\u00e1rez, Oax., 5 de noviembre de 2020.- Anette y Alma son dos j\u00f3venes m\u00e1s que han desaparecido en Oaxaca, la \u00faltima de ellas reportada la noche del mi\u00e9rcoles; mientras que dos m\u00e1s, de los Valles Centrales, siguen sin ser localizadas desde hace una semana.<\/p>\n\n\n\n<p class=\"MsoNormal\">Por medio de una ficha de la Unidad de B\u00fasqueda de Personas Desaparecidas y No Localizadas, se dio a conocer de la desaparici\u00f3n de Alma Itzel Romero Garc\u00eda, de 21 a\u00f1os de edad, en el municipio de Santa Cruz Itundujia, en la regi\u00f3n de la Sierra Sur.<\/p>\n\n\n\n<p class=\"MsoNormal\">La joven fue vista por \u00faltima vez desde el pasado 3 de noviembre en la comunidad de Victoria, de ese municipio del distrito de Putla.&nbsp;<\/p>\n\n\n\n<p class=\"MsoNormal\">De manera informal, tambi\u00e9n se dio a conocer la no localizaci\u00f3n de una joven de 19 a\u00f1os de edad en Santiago Jamiltepec en la regi\u00f3n de la Costa.<\/p>\n\n\n\n<p class=\"MsoNormal\">En redes sociales circula la foto de Anett Michel Reyes Hern\u00e1ndez, quien fue vista por \u00faltima vez el pasado 31 de octubre en la poblaci\u00f3n de Jamiltepec. Su ficha a\u00fan no se publica en la DNOL.<\/p>\n\n\n\n<p class=\"MsoNormal\">Aunque en el transcurso de las \u00faltimas horas se ha dado a conocer la localizaci\u00f3n de varias j\u00f3venes, siguen pendiente el caso de dos j\u00f3venes de la regi\u00f3n de Valles Centrales, que en el transcurso de esta semana han desaparecido.<\/p>\n\n\n\n<p class=\"MsoNormal\">Norma Margarita Garc\u00eda L\u00f3pez, de 22 a\u00f1os de edad, fue vista por \u00faltima vez desde el pasado 31 de octubre en la colonia La Paz, Santa Cruz Xoxocotl\u00e1n, y Anayeli Reyes Pedro, de 17 a\u00f1os de edad, el 27 de octubre en San Antonino Castillo Velasco. <\/p>\n\n\n\n<p>En similar situaci\u00f3n est\u00e1 el caso de Zayra Leticia, desaparecida desde el pasado 23 de octubre, y por lo cual familiares y amigos han realizado m\u00faltiples protestas, pese a lo cual las autoridades ministeriales o han agilizado la b\u00fasqueda. <\/p>\n","protected":false},"excerpt":{"rendered":"<p>Yuridiana Sosa\/Zona Roja. Oaxaca de Ju\u00e1rez, Oax., 5 de noviembre de 2020.- Anette y Alma&hellip;<\/p>\n","protected":false},"author":2,"featured_media":19688,"comment_status":"closed","ping_status":"open","sticky":false,"template":"","format":"standard","meta":{"_lmt_disableupdate":"","_lmt_disable":"","_jetpack_memberships_contains_paid_content":false,"footnotes":""},"categories":[109,47],"tags":[455],"class_list":["post-19689","post","type-post","status-publish","format-standard","has-post-thumbnail","hentry","category-minuto-a-minuto","category-zona-gris","tag-mujeres-desaparecidas-oaxaca"],"jetpack_featured_media_url":"https:\/\/zonaroja.com.mx\/wp-content\/uploads\/2020\/11\/img_0567.jpg","jetpack_sharing_enabled":true,"_links":{"self":[{"href":"https:\/\/zonaroja.com.mx\/index.php?rest_route=\/wp\/v2\/posts\/19689","targetHints":{"allow":["GET"]}}],"collection":[{"href":"https:\/\/zonaroja.com.mx\/index.php?rest_route=\/wp\/v2\/posts"}],"about":[{"href":"https:\/\/zonaroja.com.mx\/index.php?rest_route=\/wp\/v2\/types\/post"}],"author":[{"embeddable":true,"href":"https:\/\/zonaroja.com.mx\/index.php?rest_route=\/wp\/v2\/users\/2"}],"replies":[{"embeddable":true,"href":"https:\/\/zonaroja.com.mx\/index.php?rest_route=%2Fwp%2Fv2%2Fcomments&post=19689"}],"version-history":[{"count":1,"href":"https:\/\/zonaroja.com.mx\/index.php?rest_route=\/wp\/v2\/posts\/19689\/revisions"}],"predecessor-version":[{"id":19690,"href":"https:\/\/zonaroja.com.mx\/index.php?rest_route=\/wp\/v2\/posts\/19689\/revisions\/19690"}],"wp:featuredmedia":[{"embeddable":true,"href":"https:\/\/zonaroja.com.mx\/index.php?rest_route=\/wp\/v2\/media\/19688"}],"wp:attachment":[{"href":"https:\/\/zonaroja.com.mx\/index.php?rest_route=%2Fwp%2Fv2%2Fmedia&parent=19689"}],"wp:term":[{"taxonomy":"category","embeddable":true,"href":"https:\/\/zonaroja.com.mx\/index.php?rest_route=%2Fwp%2Fv2%2Fcategories&post=19689"},{"taxonomy":"post_tag","embeddable":true,"href":"https:\/\/zonaroja.com.mx\/index.php?rest_route=%2Fwp%2Fv2%2Ftags&post=19689"}],"curies":[{"name":"wp","href":"https:\/\/api.w.org\/{rel}","templated":true}]}}