{"id":19695,"date":"2020-11-05T17:18:52","date_gmt":"2020-11-05T23:18:52","guid":{"rendered":"http:\/\/www.zonaroja.com.mx\/?p=19695"},"modified":"2020-11-05T17:18:57","modified_gmt":"2020-11-05T23:18:57","slug":"chimalapa-reitera-no-a-la-mineria-pide-cancelacion-de-concesiones","status":"publish","type":"post","link":"https:\/\/zonaroja.com.mx\/?p=19695","title":{"rendered":"Chimalapa reitera: no a la miner\u00eda; pide cancelaci\u00f3n de concesiones"},"content":{"rendered":"\n<p>Evlin Arag\u00f3n\/Zona Roja.<\/p>\n\n\n\n<p>Oaxaca de Ju\u00e1rez, Oax., 5 de noviembre de 2020.- \u201cNosotras mujeres y hombres angp\u00f8n (zoques) milenarios habitantes de San Miguel Chimalapa, declaramos ante los pueblos de la regi\u00f3n del Istmo de Tehuantepec, Oaxaca, y el mundo, que nuestro territorio ha sido y continuar\u00e1 prohibido a la miner\u00eda\u201d.&nbsp;<\/p>\n\n\n\n<p>Con esta sentencia, habitantes de San Miguel exigieron al gobierno federal, directamente a la Secretar\u00eda de Econom\u00eda, la cancelaci\u00f3n de todo tipo de concesi\u00f3n, solicitud o asignaci\u00f3n minera en sus tierras, al asegurar que no han permitido ni permitir\u00e1n la entrada de ning\u00fan proyecto minero.&nbsp;<\/p>\n\n\n\n<p>Rechazaron de forma categ\u00f3rica el proyecto minero \u201cSanta Marta\u201d, del cual aseguran las autoridades ocultan informaci\u00f3n a las comunidades y atenta contra la cuenca de los r\u00edos \u201cOstuta\u201d, \u201cEsp\u00edritu Santo\u201d y las lagunas superior e inferior del Istmo de Tehuantepec.&nbsp;<\/p>\n\n\n\n<p>Mediante un documento, denunciaron el doble discurso de las autoridades federales que por un lado les aseguran que no existen proyectos mineros en la zona y por otro, otorgan los permisos para que las empresas internacionales se instalen en su territorio, el cual han defendido por d\u00e9cadas.&nbsp;<\/p>\n\n\n\n<p>Tal es el caso del pol\u00edgono de concesi\u00f3n minera \u201cLa Jackita\u201d, en donde recientemente se apersonaron, mismo que consta de mil 499 hect\u00e1reas cuyo n\u00famero de concesi\u00f3n es 225472 otorgada por la Secretar\u00eda de Econom\u00eda a la empresa Minaurum Gold Inc.<\/p>\n\n\n\n<p>Mismo que ya cuenta con la Manifestaci\u00f3n de Impacto Ambiental 20OA2020MD038 en manos de la Semarnat, que de ser aprobada, le garantizar\u00eda a la empresa el permiso ambiental para avanzar sobre sus tierras.&nbsp;&nbsp;<\/p>\n\n\n\n<p>\u201cDesde aqu\u00ed exhibimos la mentira del director de Minas, Eduardo Enrique Flores Mag\u00f3n y L\u00f3pez, quien en conferencia de prensa afirm\u00f3 que no existen concesiones mineras ah\u00ed, as\u00ed como la declaraci\u00f3n de la titular de Econom\u00eda, Graciela M\u00e1rquez Col\u00edn, quien expuso ue mucho menos tienen una Manifestaci\u00f3n de Impacto Ambiental\u201d, refiere el documento.&nbsp;<\/p>\n\n\n\n<p>Por lo anterior, denunciaron ocultamiento de informaci\u00f3n por parte de las autoridades y exigieron que los resolutivos en torno a las concesiones mineras y permisos ambientales se hagan p\u00fablicas, al igual que la negativa de la comunidad de permitir la exploraci\u00f3n y explotaci\u00f3n por parte de la empresa canadiense que hasta el momento ha actuado en la ilegalidad.<\/p>\n\n\n\n<p>As\u00ed mismo, hicieron un llamado a las comunidades cercanas para unir esfuerzos en la defensa por su territorio, lo anterior toda vez que aseguraron que, mientras existan concesiones mineras aprobadas y solicitudes en tr\u00e1mite, no podr\u00e1n tener paz y tranquilidad.<\/p>\n\n\n\n<p>\u201cAnte la amenaza de que nuestros r\u00edos, tierra y aire se contaminen por la exploraci\u00f3n y explotaci\u00f3n minera hacemos un llamado a las comunidades, pueblos y municipios zapotecas e ikoots a estar atentos ante cualquier posible incursi\u00f3n de la empresa, pues sabemos que la activaci\u00f3n de los proyectos mineros va de la mano con la imposici\u00f3n del mega proyecto del corredor interoce\u00e1nico\u201d, sentenciaron.&nbsp;<\/p>\n\n\n\n<p>Finalmente insistieron en declararse como territorio prohibido para la miner\u00eda e insistieron en su rechazo rotundo a los trabajos de exploraci\u00f3n y explotaci\u00f3n por cualquier tipo de empresa.<\/p>\n","protected":false},"excerpt":{"rendered":"<p>Evlin Arag\u00f3n\/Zona Roja. Oaxaca de Ju\u00e1rez, Oax., 5 de noviembre de 2020.- \u201cNosotras mujeres y&hellip;<\/p>\n","protected":false},"author":2,"featured_media":19696,"comment_status":"closed","ping_status":"open","sticky":false,"template":"","format":"standard","meta":{"_lmt_disableupdate":"","_lmt_disable":"","_jetpack_memberships_contains_paid_content":false,"footnotes":""},"categories":[109,47],"tags":[967],"class_list":["post-19695","post","type-post","status-publish","format-standard","has-post-thumbnail","hentry","category-minuto-a-minuto","category-zona-gris","tag-san-miguel-chimalapa"],"jetpack_featured_media_url":"https:\/\/zonaroja.com.mx\/wp-content\/uploads\/2020\/11\/Defensa-mineria-Chimalapa.jpg","jetpack_sharing_enabled":true,"_links":{"self":[{"href":"https:\/\/zonaroja.com.mx\/index.php?rest_route=\/wp\/v2\/posts\/19695","targetHints":{"allow":["GET"]}}],"collection":[{"href":"https:\/\/zonaroja.com.mx\/index.php?rest_route=\/wp\/v2\/posts"}],"about":[{"href":"https:\/\/zonaroja.com.mx\/index.php?rest_route=\/wp\/v2\/types\/post"}],"author":[{"embeddable":true,"href":"https:\/\/zonaroja.com.mx\/index.php?rest_route=\/wp\/v2\/users\/2"}],"replies":[{"embeddable":true,"href":"https:\/\/zonaroja.com.mx\/index.php?rest_route=%2Fwp%2Fv2%2Fcomments&post=19695"}],"version-history":[{"count":1,"href":"https:\/\/zonaroja.com.mx\/index.php?rest_route=\/wp\/v2\/posts\/19695\/revisions"}],"predecessor-version":[{"id":19697,"href":"https:\/\/zonaroja.com.mx\/index.php?rest_route=\/wp\/v2\/posts\/19695\/revisions\/19697"}],"wp:featuredmedia":[{"embeddable":true,"href":"https:\/\/zonaroja.com.mx\/index.php?rest_route=\/wp\/v2\/media\/19696"}],"wp:attachment":[{"href":"https:\/\/zonaroja.com.mx\/index.php?rest_route=%2Fwp%2Fv2%2Fmedia&parent=19695"}],"wp:term":[{"taxonomy":"category","embeddable":true,"href":"https:\/\/zonaroja.com.mx\/index.php?rest_route=%2Fwp%2Fv2%2Fcategories&post=19695"},{"taxonomy":"post_tag","embeddable":true,"href":"https:\/\/zonaroja.com.mx\/index.php?rest_route=%2Fwp%2Fv2%2Ftags&post=19695"}],"curies":[{"name":"wp","href":"https:\/\/api.w.org\/{rel}","templated":true}]}}