{"id":1970,"date":"2019-07-02T08:43:29","date_gmt":"2019-07-02T13:43:29","guid":{"rendered":"http:\/\/www.zonaroja.com.mx\/?p=1970"},"modified":"2019-07-02T08:43:31","modified_gmt":"2019-07-02T13:43:31","slug":"comienza-a-llegar-guardia-nacional-a-oaxaca-pero-no-tiene-cuarteles","status":"publish","type":"post","link":"https:\/\/zonaroja.com.mx\/?p=1970","title":{"rendered":"Comienza a llegar Guardia Nacional a Oaxaca\u2026 pero no tiene cuarteles"},"content":{"rendered":"\n<p>Redacci\u00f3n<\/p>\n\n\n\n<p>Oaxaca de\nJu\u00e1rez, Oax., 2 de julio de 2019.- Tras la puesta en marcha el pasado 30 de\njunio, desde anoche comenzaron a llegar algunas partidas de la Guardia Nacional\nal estado de Oaxaca\u2026 pero no tienen cuarteles.<\/p>\n\n\n\n<p>La queja a\nnivel nacional ha sido la dotaci\u00f3n de uniformes de talla extragrande as\u00ed como\nveh\u00edculos en mal estado, que \u00fanicamente fueron pintados con los colores de la\nnueva corporaci\u00f3n, sin darles mantenimiento.<\/p>\n\n\n\n<p>A nivel\nestatal, hasta ahora no hay instalaciones adecuadas para 14 de las 15 zonas,\npues s\u00f3lo en el caso de Juchit\u00e1n de Zaragoza se habilit\u00f3 una antigua terminal\nde autobuses como su base.<\/p>\n\n\n\n<p>De acuerdo\ncon Karina Bar\u00f3n Ortiz, responsable de la Coordinaci\u00f3n Territorial para la\nConstrucci\u00f3n de la Paz en Oaxaca, por parte del gobierno federal, todos los\nd\u00edas \u201cse revisan la incidencia delictiva, principalmente en los rubros de homicidios\ndolosos, secuestros, robo de veh\u00edculos y \u2018huachicoleo\u2019\u201d.<\/p>\n\n\n\n<p>A partir de\nello se determin\u00f3 instalar paulatinamente la Guardia Nacional en 15 regiones de\nla entidad con 450 elementos por cada zona en que se dividi\u00f3 el territorio,\npara dar un total de siete mil 250 agentes.<\/p>\n\n\n\n<p>Esta semana,\nseg\u00fan detall\u00f3, se dar\u00e1 a conocer el nombre del mando general en el estado de\nOaxaca, as\u00ed como la forma y lugar de operaci\u00f3n.<\/p>\n\n\n\n<p>Tendr\u00e1n como\ncabecera Ciudad Ixtepec, Juchit\u00e1n de Zaragoza, Santo Domingo Tehuantepec,\nHuajuapan de Le\u00f3n, Heroica Ciudad de Tlaxiaco, Huautla de Jim\u00e9nez e Ixtl\u00e1n de\nJu\u00e1rez.<\/p>\n\n\n\n<p>Asimismo,\nLoma Bonita, Miahuatl\u00e1n de Porfirio D\u00edaz, Oaxaca de Ju\u00e1rez, Teotitl\u00e1n de Flores\nMag\u00f3n, Tlacolula de Matamoros, Puerto Escondido, Pinotepa Nacional, y San Juan\nBautista Tuxtepec.<\/p>\n\n\n\n<p>Desde\nanoche, en Tuxtepec y en Tlaxiaco se comenz\u00f3 a reportar la llegada de la\nGuardia Nacional; en la mayor\u00eda de los casos no hay instalaciones propias y\nformales para su resguardo.<\/p>\n","protected":false},"excerpt":{"rendered":"<p>Redacci\u00f3n Oaxaca de Ju\u00e1rez, Oax., 2 de julio de 2019.- Tras la puesta en marcha&hellip;<\/p>\n","protected":false},"author":2,"featured_media":1971,"comment_status":"closed","ping_status":"open","sticky":false,"template":"","format":"standard","meta":{"_lmt_disableupdate":"","_lmt_disable":"","_jetpack_memberships_contains_paid_content":false,"footnotes":""},"categories":[109,51],"tags":[285,58],"class_list":["post-1970","post","type-post","status-publish","format-standard","has-post-thumbnail","hentry","category-minuto-a-minuto","category-zona-roja","tag-karina-baron-ortiz","tag-oaxaca"],"jetpack_featured_media_url":"https:\/\/zonaroja.com.mx\/wp-content\/uploads\/2019\/07\/46e7f2fa-b091-47af-9b62-e6c25f4e5a68.jpg","jetpack_sharing_enabled":true,"_links":{"self":[{"href":"https:\/\/zonaroja.com.mx\/index.php?rest_route=\/wp\/v2\/posts\/1970","targetHints":{"allow":["GET"]}}],"collection":[{"href":"https:\/\/zonaroja.com.mx\/index.php?rest_route=\/wp\/v2\/posts"}],"about":[{"href":"https:\/\/zonaroja.com.mx\/index.php?rest_route=\/wp\/v2\/types\/post"}],"author":[{"embeddable":true,"href":"https:\/\/zonaroja.com.mx\/index.php?rest_route=\/wp\/v2\/users\/2"}],"replies":[{"embeddable":true,"href":"https:\/\/zonaroja.com.mx\/index.php?rest_route=%2Fwp%2Fv2%2Fcomments&post=1970"}],"version-history":[{"count":1,"href":"https:\/\/zonaroja.com.mx\/index.php?rest_route=\/wp\/v2\/posts\/1970\/revisions"}],"predecessor-version":[{"id":1972,"href":"https:\/\/zonaroja.com.mx\/index.php?rest_route=\/wp\/v2\/posts\/1970\/revisions\/1972"}],"wp:featuredmedia":[{"embeddable":true,"href":"https:\/\/zonaroja.com.mx\/index.php?rest_route=\/wp\/v2\/media\/1971"}],"wp:attachment":[{"href":"https:\/\/zonaroja.com.mx\/index.php?rest_route=%2Fwp%2Fv2%2Fmedia&parent=1970"}],"wp:term":[{"taxonomy":"category","embeddable":true,"href":"https:\/\/zonaroja.com.mx\/index.php?rest_route=%2Fwp%2Fv2%2Fcategories&post=1970"},{"taxonomy":"post_tag","embeddable":true,"href":"https:\/\/zonaroja.com.mx\/index.php?rest_route=%2Fwp%2Fv2%2Ftags&post=1970"}],"curies":[{"name":"wp","href":"https:\/\/api.w.org\/{rel}","templated":true}]}}