{"id":19704,"date":"2020-11-05T21:32:58","date_gmt":"2020-11-06T03:32:58","guid":{"rendered":"http:\/\/www.zonaroja.com.mx\/?p=19704"},"modified":"2020-11-05T21:33:03","modified_gmt":"2020-11-06T03:33:03","slug":"paran-en-la-cuenca-la-seccion-35-del-sntsa-en-rechazo-a-trafico-de-plazas","status":"publish","type":"post","link":"https:\/\/zonaroja.com.mx\/?p=19704","title":{"rendered":"Paran en la Cuenca la Secci\u00f3n 35 del SNTSA, en rechazo a tr\u00e1fico de plazas"},"content":{"rendered":"\n<p>Yuridiana Sosa\/Zona Roja.<\/p>\n\n\n\n<p>San Juan Bautista Tuxtepec, Oax., 5 de noviembre de 2020.- En inconformidad a un presunto tr\u00e1fico de plazas y por violar los estatutos para participar en las vacantes laborales, la Secci\u00f3n 35 del Sindicato Nacional de Trabajadores de Salud comenzar\u00e1 este viernes 6 de noviembre un paro de labores en la regi\u00f3n de la Cuenca.<\/p>\n\n\n\n<p>El secretario general de la subsecci\u00f3n 03, Isa\u00edas Ramos Arag\u00f3n, se\u00f1al\u00f3 que desde hace aproximadamente dos meses detectaron la ocupaci\u00f3n de al menos 10 plazas en distintas \u00e1reas en hospitales y centros de salud, principalmente para enfermer\u00eda, cocina y camilleros.<\/p>\n\n\n\n<p>En ese sentido, responsabilizan al Director de Administraci\u00f3n de los Servicios de Salud de Oaxaca, David Concha Su\u00e1rez, a quien demandaron una explicaci\u00f3n, pero se ha negado a ofrecer una respuesta, por lo que exigen al gobierno del estado echar abajo las plazas otorgadas y respetar los procedimientos.<\/p>\n\n\n\n<p>Ramos Arag\u00f3n indic\u00f3 que por parte de la gremial que representa, la Jurisdicci\u00f3n Sanitaria n\u00famero 3 existen al menos unas 30 plazas vacantes por motivo de empleados jubilados y renuncias, motivo por el que temen que este mismo procedimiento irregular se establezca para las 20 faltantes.<\/p>\n\n\n\n<p>La subsecci\u00f3n 03 de la Secci\u00f3n 35 del SNTSA se instalar\u00e1 en asamblea permanente a partir de este viernes y de forma indefinida, para exigir rendici\u00f3n de cuentas por el otorgamiento de las plazas.<\/p>\n\n\n\n<p>En el paro participar\u00e1n los cuatro Hospitales B\u00e1sicos Comunitarios de la regi\u00f3n, los centros de salud y el Hospital General de Tuxtepec, en donde s\u00f3lo se atender\u00e1n situaciones de urgencias.<\/p>\n","protected":false},"excerpt":{"rendered":"<p>Yuridiana Sosa\/Zona Roja. San Juan Bautista Tuxtepec, Oax., 5 de noviembre de 2020.- En inconformidad&hellip;<\/p>\n","protected":false},"author":2,"featured_media":9986,"comment_status":"closed","ping_status":"open","sticky":false,"template":"","format":"standard","meta":{"_lmt_disableupdate":"","_lmt_disable":"","_jetpack_memberships_contains_paid_content":false,"footnotes":""},"categories":[109,47],"tags":[1005],"class_list":["post-19704","post","type-post","status-publish","format-standard","has-post-thumbnail","hentry","category-minuto-a-minuto","category-zona-gris","tag-servicios-de-salud-de-oaxaca-sso"],"jetpack_featured_media_url":"https:\/\/zonaroja.com.mx\/wp-content\/uploads\/2020\/03\/Servicios-de-Salud-de-Oaxaca-2.png","jetpack_sharing_enabled":true,"_links":{"self":[{"href":"https:\/\/zonaroja.com.mx\/index.php?rest_route=\/wp\/v2\/posts\/19704","targetHints":{"allow":["GET"]}}],"collection":[{"href":"https:\/\/zonaroja.com.mx\/index.php?rest_route=\/wp\/v2\/posts"}],"about":[{"href":"https:\/\/zonaroja.com.mx\/index.php?rest_route=\/wp\/v2\/types\/post"}],"author":[{"embeddable":true,"href":"https:\/\/zonaroja.com.mx\/index.php?rest_route=\/wp\/v2\/users\/2"}],"replies":[{"embeddable":true,"href":"https:\/\/zonaroja.com.mx\/index.php?rest_route=%2Fwp%2Fv2%2Fcomments&post=19704"}],"version-history":[{"count":1,"href":"https:\/\/zonaroja.com.mx\/index.php?rest_route=\/wp\/v2\/posts\/19704\/revisions"}],"predecessor-version":[{"id":19705,"href":"https:\/\/zonaroja.com.mx\/index.php?rest_route=\/wp\/v2\/posts\/19704\/revisions\/19705"}],"wp:featuredmedia":[{"embeddable":true,"href":"https:\/\/zonaroja.com.mx\/index.php?rest_route=\/wp\/v2\/media\/9986"}],"wp:attachment":[{"href":"https:\/\/zonaroja.com.mx\/index.php?rest_route=%2Fwp%2Fv2%2Fmedia&parent=19704"}],"wp:term":[{"taxonomy":"category","embeddable":true,"href":"https:\/\/zonaroja.com.mx\/index.php?rest_route=%2Fwp%2Fv2%2Fcategories&post=19704"},{"taxonomy":"post_tag","embeddable":true,"href":"https:\/\/zonaroja.com.mx\/index.php?rest_route=%2Fwp%2Fv2%2Ftags&post=19704"}],"curies":[{"name":"wp","href":"https:\/\/api.w.org\/{rel}","templated":true}]}}