{"id":19710,"date":"2020-11-06T07:50:01","date_gmt":"2020-11-06T13:50:01","guid":{"rendered":"http:\/\/www.zonaroja.com.mx\/?p=19710"},"modified":"2020-11-06T07:50:04","modified_gmt":"2020-11-06T13:50:04","slug":"fueron-tres-asesinados-en-jueves-a-mototaxista-le-dejaron-narcomensaje","status":"publish","type":"post","link":"https:\/\/zonaroja.com.mx\/?p=19710","title":{"rendered":"Fueron tres asesinados en jueves; a mototaxista le dejaron \u201cnarcomensaje\u201d"},"content":{"rendered":"\n<p>Redacci\u00f3n\/Zona Roja.<\/p>\n\n\n\n<p>Oaxaca de Ju\u00e1rez, Oax., 6 de noviembre de 2020.- Tres personas perdieron la vida de forma violenta en el transcurso del jueves en igual n\u00famero de municipios del estado de Oaxaca.<\/p>\n\n\n\n<p>El m\u00e1s reciente caso ocurri\u00f3 aproximadamente a las 20:51 horas de ayer, en la calle Valent\u00edn Canalizo casi esquina con avenida S\u00edmbolos Patrios, colonia Alem\u00e1n de la ciudad capital.<\/p>\n\n\n\n<p>Ah\u00ed fue ultimado Yudiel Abraham V. L., quien conduc\u00eda el mototaxi con n\u00famero econ\u00f3mico 11-552, placas de circulaci\u00f3n PV7XN, del sitio \u201cUn paso a la democracia\u201d, afiliado a la organizaci\u00f3n Frente Popular \u201c14 de Junio\u201d.<\/p>\n\n\n\n<p>Presuntamente momentos antes lo abordaron al menos cuatro sujetos, que le dispararon desde la unidad de motor y le dejaron un supuesto \u201cnarcomensaje\u201d, tras lo cual huyeron.<\/p>\n\n\n\n<figure class=\"wp-block-embed-twitter wp-block-embed is-type-rich is-provider-twitter\"><div class=\"wp-block-embed__wrapper\">\n<div class=\"twitter-tweet\"><blockquote class=\"twitter-tweet\" data-lang=\"es\"><p lang=\"es\" dir=\"ltr\"><a href=\"https:\/\/twitter.com\/hashtag\/%C3%9AltimoMinuto?src=hash&amp;ref_src=twsrc%5Etfw\">#\u00daltimoMinuto<\/a><br>Como Yudiel Abraham V. L., mototaxista del sitio \u201cUn paso a la democracia\u201d, afiliado al Frente Popular \u201c14 de Junio\u201d, fue identificado el individuo ejecutado esta noche en la calle Valent\u00edn Canalizo, esquina S\u00edmbolos Patrios, de la colonia Alem\u00e1n, capital de Oaxaca. <a href=\"https:\/\/t.co\/h5cY1KcV6A\">pic.twitter.com\/h5cY1KcV6A<\/a><\/p>&mdash; Zona Roja Oaxaca (@MexRoja) <a href=\"https:\/\/twitter.com\/MexRoja\/status\/1324562696273055744?ref_src=twsrc%5Etfw\">6 de noviembre de 2020<\/a><\/blockquote><\/div>\n<\/div><\/figure>\n\n\n\n<p>En tanto, ayer por la tarde en terrenos de ca\u00f1a entre las comunidades de El Porvenir y Buena Vista, San Juan Bautista Tuxtepec, fue localizado un cuerpo, con huellas de tortura, maniatado y con rostro desfigurado.<\/p>\n\n\n\n<p>De manera preliminar se inform\u00f3 que fue identificado como Adri\u00e1n V\u00e1squez Molina, joven de 20 a\u00f1os de edad, quien se encontraba reportado como desaparecido desde el pasado 2 de noviembre.<\/p>\n\n\n\n<p>Mientras que en Santo Domingo Tehuantepec, en un negocio de venta de pollos, ubicado en la zona conocida como \u201cEl Crucero\u201d, fue ejecutado un individuo, quien de manera preliminar fue identificado como Gabriel C.<\/p>\n\n\n\n<p>Tambi\u00e9n result\u00f3 lesionada de bala una mujer, conocida como Ana Patricia G. J., quien fue trasladada a un hospital.<\/p>\n\n\n\n<p>En los tres casos no hay personas detenidas ni se cuenta a\u00fan con pistas del o los probables autores de los homicidios.<\/p>\n","protected":false},"excerpt":{"rendered":"<p>Redacci\u00f3n\/Zona Roja. Oaxaca de Ju\u00e1rez, Oax., 6 de noviembre de 2020.- Tres personas perdieron la&hellip;<\/p>\n","protected":false},"author":2,"featured_media":19711,"comment_status":"closed","ping_status":"open","sticky":false,"template":"","format":"standard","meta":{"_lmt_disableupdate":"","_lmt_disable":"","_jetpack_memberships_contains_paid_content":false,"footnotes":""},"categories":[109,51],"tags":[148],"class_list":["post-19710","post","type-post","status-publish","format-standard","has-post-thumbnail","hentry","category-minuto-a-minuto","category-zona-roja","tag-oaxaca-de-juarez"],"jetpack_featured_media_url":"https:\/\/zonaroja.com.mx\/wp-content\/uploads\/2020\/11\/Ejecutado-ciudad-de-Oaxaca.jpg","jetpack_sharing_enabled":true,"_links":{"self":[{"href":"https:\/\/zonaroja.com.mx\/index.php?rest_route=\/wp\/v2\/posts\/19710","targetHints":{"allow":["GET"]}}],"collection":[{"href":"https:\/\/zonaroja.com.mx\/index.php?rest_route=\/wp\/v2\/posts"}],"about":[{"href":"https:\/\/zonaroja.com.mx\/index.php?rest_route=\/wp\/v2\/types\/post"}],"author":[{"embeddable":true,"href":"https:\/\/zonaroja.com.mx\/index.php?rest_route=\/wp\/v2\/users\/2"}],"replies":[{"embeddable":true,"href":"https:\/\/zonaroja.com.mx\/index.php?rest_route=%2Fwp%2Fv2%2Fcomments&post=19710"}],"version-history":[{"count":1,"href":"https:\/\/zonaroja.com.mx\/index.php?rest_route=\/wp\/v2\/posts\/19710\/revisions"}],"predecessor-version":[{"id":19712,"href":"https:\/\/zonaroja.com.mx\/index.php?rest_route=\/wp\/v2\/posts\/19710\/revisions\/19712"}],"wp:featuredmedia":[{"embeddable":true,"href":"https:\/\/zonaroja.com.mx\/index.php?rest_route=\/wp\/v2\/media\/19711"}],"wp:attachment":[{"href":"https:\/\/zonaroja.com.mx\/index.php?rest_route=%2Fwp%2Fv2%2Fmedia&parent=19710"}],"wp:term":[{"taxonomy":"category","embeddable":true,"href":"https:\/\/zonaroja.com.mx\/index.php?rest_route=%2Fwp%2Fv2%2Fcategories&post=19710"},{"taxonomy":"post_tag","embeddable":true,"href":"https:\/\/zonaroja.com.mx\/index.php?rest_route=%2Fwp%2Fv2%2Ftags&post=19710"}],"curies":[{"name":"wp","href":"https:\/\/api.w.org\/{rel}","templated":true}]}}