{"id":19713,"date":"2020-11-06T08:06:06","date_gmt":"2020-11-06T14:06:06","guid":{"rendered":"http:\/\/www.zonaroja.com.mx\/?p=19713"},"modified":"2020-11-06T08:06:09","modified_gmt":"2020-11-06T14:06:09","slug":"en-presunto-estado-de-ebriedad-elementos-de-la-aei-provocan-accidente","status":"publish","type":"post","link":"https:\/\/zonaroja.com.mx\/?p=19713","title":{"rendered":"En presunto estado de ebriedad, elementos de la AEI provocan accidente"},"content":{"rendered":"\n<p>Redacci\u00f3n\/Zona Roja.<\/p>\n\n\n\n<p>Oaxaca de Ju\u00e1rez, Oax., 6 de noviembre de 2020.- En presunto estado de ebriedad, tres elementos de la Agencia Estatal de Investigaciones (AEI), dependientes de la Fiscal\u00eda General del Estado de Oaxaca, protagonizaron un percance vehicular, en que result\u00f3 lesionada una mujer.<\/p>\n\n\n\n<p>De acuerdo con reportes viales, los hechos sucedieron ayer por la tarde en la carretera federal 175, Oaxaca-Puerto \u00c1ngel, a la altura del kil\u00f3metro 70, en inmediaciones de Barranca Larga, Ejutla de Crespo.<\/p>\n\n\n\n<p>Una camioneta marca Toyota, tipo Hilux, de color gris con placas de circulaci\u00f3n RX93783, en que viajaba Mateo Caballero, con placa 290 y con cargo de comandante del Grupo de Homicidios de la AEI, y dos elementos m\u00e1s, se impactaron contra un veh\u00edculo Nissan tipo Versa de color azul con placas NDR6335 del Estado de M\u00e9xico.<\/p>\n\n\n\n<p>La conductora de esta \u00faltima unidad, Karina B. P., de 41 a\u00f1os de edad y con domicilio en calle Zaragoza 327 del barrio San Francisco de Miahuatl\u00e1n de Porfirio D\u00edaz, result\u00f3 lesionada<\/p>\n\n\n\n<p>Una ambulancia de Ejutla de Crespo la atendi\u00f3 y consider\u00f3 pertinente trasladarla a una unidad hospitalaria. Hasta el momento no hay versi\u00f3n oficial de la Fiscal\u00eda General del Estado respecto a las probables medidas que tomar\u00e1 contra los integrantes de la AEI, en caso de confirmarse que fueron los autores del percance.<\/p>\n","protected":false},"excerpt":{"rendered":"<p>Redacci\u00f3n\/Zona Roja. Oaxaca de Ju\u00e1rez, Oax., 6 de noviembre de 2020.- En presunto estado de&hellip;<\/p>\n","protected":false},"author":2,"featured_media":19714,"comment_status":"closed","ping_status":"open","sticky":false,"template":"","format":"standard","meta":{"_lmt_disableupdate":"","_lmt_disable":"","_jetpack_memberships_contains_paid_content":false,"footnotes":""},"categories":[109,47],"tags":[1709],"class_list":["post-19713","post","type-post","status-publish","format-standard","has-post-thumbnail","hentry","category-minuto-a-minuto","category-zona-gris","tag-agencia-estatal-de-investigaciones-aei"],"jetpack_featured_media_url":"https:\/\/zonaroja.com.mx\/wp-content\/uploads\/2020\/11\/Accidente-AEI.png","jetpack_sharing_enabled":true,"_links":{"self":[{"href":"https:\/\/zonaroja.com.mx\/index.php?rest_route=\/wp\/v2\/posts\/19713","targetHints":{"allow":["GET"]}}],"collection":[{"href":"https:\/\/zonaroja.com.mx\/index.php?rest_route=\/wp\/v2\/posts"}],"about":[{"href":"https:\/\/zonaroja.com.mx\/index.php?rest_route=\/wp\/v2\/types\/post"}],"author":[{"embeddable":true,"href":"https:\/\/zonaroja.com.mx\/index.php?rest_route=\/wp\/v2\/users\/2"}],"replies":[{"embeddable":true,"href":"https:\/\/zonaroja.com.mx\/index.php?rest_route=%2Fwp%2Fv2%2Fcomments&post=19713"}],"version-history":[{"count":1,"href":"https:\/\/zonaroja.com.mx\/index.php?rest_route=\/wp\/v2\/posts\/19713\/revisions"}],"predecessor-version":[{"id":19715,"href":"https:\/\/zonaroja.com.mx\/index.php?rest_route=\/wp\/v2\/posts\/19713\/revisions\/19715"}],"wp:featuredmedia":[{"embeddable":true,"href":"https:\/\/zonaroja.com.mx\/index.php?rest_route=\/wp\/v2\/media\/19714"}],"wp:attachment":[{"href":"https:\/\/zonaroja.com.mx\/index.php?rest_route=%2Fwp%2Fv2%2Fmedia&parent=19713"}],"wp:term":[{"taxonomy":"category","embeddable":true,"href":"https:\/\/zonaroja.com.mx\/index.php?rest_route=%2Fwp%2Fv2%2Fcategories&post=19713"},{"taxonomy":"post_tag","embeddable":true,"href":"https:\/\/zonaroja.com.mx\/index.php?rest_route=%2Fwp%2Fv2%2Ftags&post=19713"}],"curies":[{"name":"wp","href":"https:\/\/api.w.org\/{rel}","templated":true}]}}