{"id":19716,"date":"2020-11-06T08:17:04","date_gmt":"2020-11-06T14:17:04","guid":{"rendered":"http:\/\/www.zonaroja.com.mx\/?p=19716"},"modified":"2020-11-06T08:17:07","modified_gmt":"2020-11-06T14:17:07","slug":"reanuda-poder-judicial-de-oaxaca-audiencias-de-juicio-o-debate","status":"publish","type":"post","link":"https:\/\/zonaroja.com.mx\/?p=19716","title":{"rendered":"Reanuda poder judicial de Oaxaca audiencias de juicio o debate"},"content":{"rendered":"\n<p>Redacci\u00f3n\/Zona Roja.<\/p>\n\n\n\n<p>Oaxaca de Ju\u00e1rez, Oax., 6 de noviembre de 2020.- Con los cuidados y protocolos sanitarios establecidos para salvaguardar en todo momento la salud y la vida del personal, as\u00ed como de los usuarios, por Acuerdo General 38\/2020, el Pleno del Consejo de la Judicatura del Poder Judicial de Oaxaca instruy\u00f3 la reanudaci\u00f3n del desahogo de las audiencias de debate en aquellos casos en que los acusados est\u00e9n en prisi\u00f3n preventiva, a partir del nueve de noviembre del presente a\u00f1o.<\/p>\n\n\n\n<p>Para ello, los jueces integrantes del Tribunal de Enjuiciamiento valorar\u00e1n las circunstancias del caso, como el entorno de salud, \u00edndice de contagios prevaleciente en el lugar, medidas a implementarse y medios que se encuentren a su alcance con la finalidad de prevenir el riesgo de contagio.<\/p>\n\n\n\n<p>Adem\u00e1s, deber\u00e1 cumplirse con estricto apego lo establecido en el \u201cProtocolo para la prevenci\u00f3n de contagios por Covid 19 de las personas servidoras p\u00fablicas del Poder Judicial del Estado de Oaxaca\u201d y en funci\u00f3n de ese an\u00e1lisis regular o liminar el ingreso del p\u00fablico.<\/p>\n\n\n\n<p>Los t\u00e9rminos que se estipulan en dicho acuerdo est\u00e1n relacionados con materia penal adversarial, bajo audiencias de juicio o debate en modalidades presenciales cuando no existan t\u00e9cnicas de conectividad, sin permitirse el acceso a p\u00fablico o familiares, as\u00ed como semipresenciales donde el Tribunal de Enjuiciamiento determinar\u00e1 que actos se desarrollan presenciales y cuales v\u00eda remota.<\/p>\n\n\n\n<p>Por otra parte, lo que corresponde a judicializaci\u00f3n de asuntos por cita judicial, el Departamento de Causas recibir\u00e1 gradualmente las solicitudes de fecha y hora para la celebraci\u00f3n de audiencia inicial o comunicaci\u00f3n de imputaci\u00f3n, relacionadas a delitos como: violencia de g\u00e9nero, familiar, delitos donde las v\u00edctimas sean menores de edad, delitos patrimoniales cometidos con violencia, equiparado al robo espec\u00edfico y robo espec\u00edfico.<\/p>\n\n\n\n<p>Debido a que la impartici\u00f3n de justicia es considerada una funci\u00f3n esencial, el Poder Judicial del Estado implement\u00f3 el Plan de retorno gradual, seguro y ordenado de actividades jurisdiccionales en mayor escala.<\/p>\n\n\n\n<p>En caso de requerir informaci\u00f3n sobre el seguimiento de asuntos judiciales, dudas y los servicios con los que cuenta la instituci\u00f3n, abogados litigantes y la sociedad en general, pueden dirigirse al Centro de Respuesta Inmediata, JusticiaTEL, con el n\u00famero telef\u00f3nico 800 719 22 32.<\/p>\n","protected":false},"excerpt":{"rendered":"<p>Redacci\u00f3n\/Zona Roja. Oaxaca de Ju\u00e1rez, Oax., 6 de noviembre de 2020.- Con los cuidados y&hellip;<\/p>\n","protected":false},"author":2,"featured_media":13950,"comment_status":"closed","ping_status":"open","sticky":false,"template":"","format":"standard","meta":{"_lmt_disableupdate":"","_lmt_disable":"","_jetpack_memberships_contains_paid_content":false,"footnotes":""},"categories":[109,47],"tags":[223],"class_list":["post-19716","post","type-post","status-publish","format-standard","has-post-thumbnail","hentry","category-minuto-a-minuto","category-zona-gris","tag-poder-judicial-de-oaxaca"],"jetpack_featured_media_url":"https:\/\/zonaroja.com.mx\/wp-content\/uploads\/2020\/06\/Sala-juicio-oral.jpg","jetpack_sharing_enabled":true,"_links":{"self":[{"href":"https:\/\/zonaroja.com.mx\/index.php?rest_route=\/wp\/v2\/posts\/19716","targetHints":{"allow":["GET"]}}],"collection":[{"href":"https:\/\/zonaroja.com.mx\/index.php?rest_route=\/wp\/v2\/posts"}],"about":[{"href":"https:\/\/zonaroja.com.mx\/index.php?rest_route=\/wp\/v2\/types\/post"}],"author":[{"embeddable":true,"href":"https:\/\/zonaroja.com.mx\/index.php?rest_route=\/wp\/v2\/users\/2"}],"replies":[{"embeddable":true,"href":"https:\/\/zonaroja.com.mx\/index.php?rest_route=%2Fwp%2Fv2%2Fcomments&post=19716"}],"version-history":[{"count":1,"href":"https:\/\/zonaroja.com.mx\/index.php?rest_route=\/wp\/v2\/posts\/19716\/revisions"}],"predecessor-version":[{"id":19717,"href":"https:\/\/zonaroja.com.mx\/index.php?rest_route=\/wp\/v2\/posts\/19716\/revisions\/19717"}],"wp:featuredmedia":[{"embeddable":true,"href":"https:\/\/zonaroja.com.mx\/index.php?rest_route=\/wp\/v2\/media\/13950"}],"wp:attachment":[{"href":"https:\/\/zonaroja.com.mx\/index.php?rest_route=%2Fwp%2Fv2%2Fmedia&parent=19716"}],"wp:term":[{"taxonomy":"category","embeddable":true,"href":"https:\/\/zonaroja.com.mx\/index.php?rest_route=%2Fwp%2Fv2%2Fcategories&post=19716"},{"taxonomy":"post_tag","embeddable":true,"href":"https:\/\/zonaroja.com.mx\/index.php?rest_route=%2Fwp%2Fv2%2Ftags&post=19716"}],"curies":[{"name":"wp","href":"https:\/\/api.w.org\/{rel}","templated":true}]}}