{"id":19718,"date":"2020-11-06T10:34:03","date_gmt":"2020-11-06T16:34:03","guid":{"rendered":"http:\/\/www.zonaroja.com.mx\/?p=19718"},"modified":"2020-11-06T10:34:07","modified_gmt":"2020-11-06T16:34:07","slug":"despues-de-un-asesinato-y-dos-desapariciones-segego-atiende-caso-loxicha","status":"publish","type":"post","link":"https:\/\/zonaroja.com.mx\/?p=19718","title":{"rendered":"Despu\u00e9s de un asesinato y dos desapariciones, Segego atiende caso Loxicha"},"content":{"rendered":"\n<p>Evlin Arag\u00f3n\/Zona Roja.<\/p>\n\n\n\n<p>Oaxaca de Ju\u00e1rez, Oax., 6 de noviembre de 2020.- \u201cYo estaba en la camioneta blanca de la localidad r\u00edo \u2018Jord\u00e1n\u2019 y cuando llegamos nosotros, ellos estaban atr\u00e1s de la camioneta; cuando se par\u00f3 la camioneta, nos ponchan la llanta delantera. \u2018B\u00e1jense de aqu\u00ed\u2019 nos dijeron y en el momento que lo hicimos nos dispararon\u201d.<\/p>\n\n\n\n<p>As\u00ed empieza el testimonio de una de los acompa\u00f1antes de Rodolfo D\u00edaz Jim\u00e9nez, activista de San Baltazar Loxicha asesinado la tarde del lunes 2 de noviembre durante una emboscada de la cual responsabilizaron al presidente constitucional Aten\u00f3genes Jim\u00e9nez Mart\u00ednez.&nbsp;<\/p>\n\n\n\n<p>El relato fue expuesto este jueves ante las autoridades de la Secretaria General de Gobierno, a quienes pidieron la intervenci\u00f3n en la zona debido a la violencia que ha generado la presencia de dos ayuntamientos, el popular o tradicional y el constitucional.<\/p>\n\n\n\n<p>\u201cLas \u00faltimas palabras del finado fueron \u2018ya me chingastes cabr\u00f3n\u2019, ante de caer al suelo. Yo quer\u00eda alcanzar el ca\u00f1\u00f3n, pero como son varios me agarraron para atr\u00e1s y ya no pude. Yo quiero que se haga justicia en contra de esas personas y de Atenogenes que organiza ese tipo de gentes\u201d, contin\u00faa el testimonio.<\/p>\n\n\n\n<p>El mismo refiere que los ataques en contra del pueblo son una constante, incluso detallan la participaci\u00f3n del edil de San Pablo Coatl\u00e1n, Abraham L\u00f3pez Mart\u00ednez, raz\u00f3n por la que han tenido reuniones en la que plantean posibles acciones en caso de no existir la intervenci\u00f3n oportuna por parte de las autoridades de gobierno de Oaxaca.&nbsp;&nbsp;<\/p>\n\n\n\n<p>As\u00ed mismo, recordaron que a\u00fan permanecen en calidad de desaparecidos Reynaldo Bautista Bautista y Eutiquio Bautista Pacheco, por lo que independientemente de la exigencia de justicia, tambi\u00e9n solicitan a las autoridades la aparici\u00f3n con vida de los pobladores.&nbsp;<\/p>\n\n\n\n<p>\u201cHace unos minutos acompa\u00f1\u00e9 a una comisi\u00f3n de ciudadanos de San Baltazar Loxicha nos reunimos con el titular de @Segego_GobOax, Francisco Garc\u00eda L\u00f3pez y le expusimos los acuerdos de la asamblea comunitaria despu\u00e9s del asesinato del compa\u00f1ero Rodolfo D\u00edaz Jim\u00e9nez\u201d, refiri\u00f3 el activista Flavio Sosa en sus redes sociales.\u00a0<\/p>\n\n\n\n<figure class=\"wp-block-embed-twitter wp-block-embed is-type-rich is-provider-twitter\"><div class=\"wp-block-embed__wrapper\">\n<div class=\"twitter-tweet\"><blockquote class=\"twitter-tweet\" data-lang=\"es\"><p lang=\"es\" dir=\"ltr\"><a href=\"https:\/\/twitter.com\/hashtag\/OaxacaGris?src=hash&amp;ref_src=twsrc%5Etfw\">#OaxacaGris<\/a><br>S\u00f3lo hasta despu\u00e9s del asesinato de una persona y desaparici\u00f3n de dos m\u00e1s, la Secretar\u00eda General de Gobierno de Oaxaca (<a href=\"https:\/\/twitter.com\/SEGEGO_GobOax?ref_src=twsrc%5Etfw\">@SEGEGO_GobOax<\/a>) atendi\u00f3 la crisis en San Baltazar Loxicha; desde hace varios meses hab\u00edan advertido los riesgos de violencia. <a href=\"https:\/\/t.co\/be6af72WrE\">pic.twitter.com\/be6af72WrE<\/a><\/p>&mdash; Zona Roja Oaxaca (@MexRoja) <a href=\"https:\/\/twitter.com\/MexRoja\/status\/1324709130695806979?ref_src=twsrc%5Etfw\">6 de noviembre de 2020<\/a><\/blockquote><\/div>\n<\/div><\/figure>\n\n\n\n<p>El mismo evidenci\u00f3 que cada vez m\u00e1s crece el repudio popular contra Aten\u00f3genes Jim\u00e9nez Mart\u00ednez, a quien la Asamblea de San Baltazar Loxicha responsabiliza del asesinato de Rodolfo D\u00edaz Jim\u00e9nez, por lo que pide la intervenci\u00f3n de la Fiscal\u00eda General de Justicia.&nbsp;<\/p>\n\n\n\n<p>\u201cNo encontramos ante una situaci\u00f3n sumamente dif\u00edcil, muy complicada para ustedes, el pueblo\u201d, se escucha como parte de un video que fue difundido en las redes por Sosa Villavicencio.&nbsp;<\/p>\n\n\n\n<p>Fue la tarde del pasado lunes 2 de noviembre, alrededor de las 18:00 horas, que el activista Rodolfo D\u00edaz Jim\u00e9nez fue asesinado durante una emboscada en el paraje denominado \u201cVirolanga\u201d y r\u00edo \u201cJord\u00e1n\u201d, perteneciente al municipio de San Baltazar Loxicha, en la regi\u00f3n de la Costa.<\/p>\n\n\n\n<p>Por lo anterior la poblaci\u00f3n solicit\u00f3 la intervenci\u00f3n de la Secretar\u00eda General de Gobierno (Segego), la Defensor\u00eda de los Derechos Humanos del Pueblo de Oaxaca (DDHPO) y del propio gobernador Alejandro Murat Hinojosa&nbsp;<\/p>\n\n\n\n<p>Fue hasta noche, varios meses despu\u00e9s en que se denunci\u00f3 el cima de violencia poselectoral en dicho municipio, en que la Secretar\u00eda General tom\u00f3 cartas en el asunto.<\/p>\n","protected":false},"excerpt":{"rendered":"<p>Evlin Arag\u00f3n\/Zona Roja. Oaxaca de Ju\u00e1rez, Oax., 6 de noviembre de 2020.- \u201cYo estaba en&hellip;<\/p>\n","protected":false},"author":2,"featured_media":19719,"comment_status":"closed","ping_status":"open","sticky":false,"template":"","format":"standard","meta":{"_lmt_disableupdate":"","_lmt_disable":"","_jetpack_memberships_contains_paid_content":false,"footnotes":""},"categories":[109],"tags":[2178,1227],"class_list":["post-19718","post","type-post","status-publish","format-standard","has-post-thumbnail","hentry","category-minuto-a-minuto","tag-rodolfo-diaz-jimenez","tag-san-baltazar-loxicha"],"jetpack_featured_media_url":"https:\/\/zonaroja.com.mx\/wp-content\/uploads\/2020\/11\/San-Baltazar-Loxicha.png","jetpack_sharing_enabled":true,"_links":{"self":[{"href":"https:\/\/zonaroja.com.mx\/index.php?rest_route=\/wp\/v2\/posts\/19718","targetHints":{"allow":["GET"]}}],"collection":[{"href":"https:\/\/zonaroja.com.mx\/index.php?rest_route=\/wp\/v2\/posts"}],"about":[{"href":"https:\/\/zonaroja.com.mx\/index.php?rest_route=\/wp\/v2\/types\/post"}],"author":[{"embeddable":true,"href":"https:\/\/zonaroja.com.mx\/index.php?rest_route=\/wp\/v2\/users\/2"}],"replies":[{"embeddable":true,"href":"https:\/\/zonaroja.com.mx\/index.php?rest_route=%2Fwp%2Fv2%2Fcomments&post=19718"}],"version-history":[{"count":1,"href":"https:\/\/zonaroja.com.mx\/index.php?rest_route=\/wp\/v2\/posts\/19718\/revisions"}],"predecessor-version":[{"id":19720,"href":"https:\/\/zonaroja.com.mx\/index.php?rest_route=\/wp\/v2\/posts\/19718\/revisions\/19720"}],"wp:featuredmedia":[{"embeddable":true,"href":"https:\/\/zonaroja.com.mx\/index.php?rest_route=\/wp\/v2\/media\/19719"}],"wp:attachment":[{"href":"https:\/\/zonaroja.com.mx\/index.php?rest_route=%2Fwp%2Fv2%2Fmedia&parent=19718"}],"wp:term":[{"taxonomy":"category","embeddable":true,"href":"https:\/\/zonaroja.com.mx\/index.php?rest_route=%2Fwp%2Fv2%2Fcategories&post=19718"},{"taxonomy":"post_tag","embeddable":true,"href":"https:\/\/zonaroja.com.mx\/index.php?rest_route=%2Fwp%2Fv2%2Ftags&post=19718"}],"curies":[{"name":"wp","href":"https:\/\/api.w.org\/{rel}","templated":true}]}}