{"id":19721,"date":"2020-11-06T14:52:24","date_gmt":"2020-11-06T20:52:24","guid":{"rendered":"http:\/\/www.zonaroja.com.mx\/?p=19721"},"modified":"2020-11-06T15:11:11","modified_gmt":"2020-11-06T21:11:11","slug":"la-alerta-de-genero-sigue-siendo-una-tache-para-el-gobierno-de-oaxaca","status":"publish","type":"post","link":"https:\/\/zonaroja.com.mx\/?p=19721","title":{"rendered":"La Alerta de G\u00e9nero sigue siendo una tache para el gobierno de Oaxaca"},"content":{"rendered":"\n<p>Evlin Arag\u00f3n\/Zona Roja.<\/p>\n\n\n\n<p>Oaxaca de Ju\u00e1rez, Oax., 6 de noviembre de 2020.- La falta de acciones contundentes por parte de las autoridades del gobierno de Oaxaca para atender la declaratoria de Alerta de Violencia de G\u00e9nero (AVG), sigue siendo una tache para la administraci\u00f3n p\u00fablica que, a dos a\u00f1os, no ha podido atender la gravedad de la problem\u00e1tica y la urgencia de atenderla.<\/p>\n\n\n\n<p>Lo anterior de acuerdo con la abogada Erika Lil\u00ed D\u00edaz Cruz, quien fue integrante del grupo especializado que fundament\u00f3 la viabilidad de la alerta en Oaxaca y detall\u00f3 que el Estado se ha quedado \u00fanicamente en el discurso en torno a la atenci\u00f3n del mecanismo, sin contar con avances tangibles.<\/p>\n\n\n\n<p>Para la especialista, es imprescindible que las autoridades metan el acelerador en las acciones urgentes que se plantean como parte de la alerta y dejen de lado el discurso en el que plantean un sinf\u00edn de capacitaciones que evidentemente no han servido de mucho en estos dos \u00faltimos a\u00f1os, donde la violencia lejos de disminuir va al alza.&nbsp;<\/p>\n\n\n\n<p>\u201cLa autoridad no est\u00e1 entr\u00e1ndole con el compromiso. Me da verg\u00fcenza que los funcionarios hablan de g\u00e9nero sin entenderlo, se olvidan que hay que tener una conciencia de g\u00e9nero, que atraviese todo tu pensamiento, lo dem\u00e1s es discurso disfrazado\u201d, dijo como parte de su participaci\u00f3n en la charla organizada por el Grupo de Estudios sobre las Mujeres \u201cRosario Castellanos\u201d.<\/p>\n\n\n\n<p>La tambi\u00e9n representante de la organizaci\u00f3n \u201cLunas del Sur\u201d, detall\u00f3 que de nada sirven las decenas de capacitaciones anunciadas por las instancias de gobierno si al momento de llegar a presentar una denuncia las mujeres siguen siendo revictimizadas, cuestionadas, criticadas, les dan largas o incluso les toman la declaraci\u00f3n, aunque no hablen el espa\u00f1ol como lengua materna, acciones que tambi\u00e9n se configuran en la violencia que tendr\u00edan que combatir.&nbsp;<\/p>\n\n\n\n<figure class=\"wp-block-embed-twitter wp-block-embed is-type-rich is-provider-twitter\"><div class=\"wp-block-embed__wrapper\">\n<div class=\"twitter-tweet\"><blockquote class=\"twitter-tweet\" data-lang=\"es\"><p lang=\"es\" dir=\"ltr\">Ya estamos en el conversatorio con Erika Lili D\u00edaz Cruz de <a href=\"https:\/\/twitter.com\/LunaDelSurAcOax?ref_src=twsrc%5Etfw\">@LunaDelSurAcOax<\/a> y M\u00f3nica Miguel Bautista, integrantes del Grupo de Trabajo responsable de dar seguimiento a la Alerta por Violencia de G\u00e9nero contra las Mujeres (AVGM) en Oaxaca.<br><br>M\u00edrala en vivo:<a href=\"https:\/\/t.co\/Cmv3tQHUSV\">https:\/\/t.co\/Cmv3tQHUSV<\/a> <a href=\"https:\/\/t.co\/YtZKLqC2Va\">pic.twitter.com\/YtZKLqC2Va<\/a><\/p>&mdash; GESMujer (@GES_Mujer) <a href=\"https:\/\/twitter.com\/GES_Mujer\/status\/1324130916688633863?ref_src=twsrc%5Etfw\">4 de noviembre de 2020<\/a><\/blockquote><\/div>\n<\/div><\/figure>\n\n\n\n<p>As\u00ed mismo, no sirve que se intente sensibilizar al funcionariado p\u00fablico si \u00e9ste al final se aliar\u00e1 con los agresores que por lo regular establecen un v\u00ednculo con alg\u00fan pol\u00edtico, funcionario, o persona p\u00fablica que les ayuda, manteniendo los pactos patriarcales en perjuicio de las las mujeres.<\/p>\n\n\n\n<p>Por lo anterior, es contundente al decir que nada se ha avanzado en los \u00faltimos dos a\u00f1os, tan es as\u00ed que siguen siendo las v\u00edctimas con el respaldo de la sociedad civil quienes hacen grietas en las estructuras, a sabiendas que pueden ser la pr\u00f3ximas en la lista de la violencia feminicida que no cesa.&nbsp;<\/p>\n\n\n\n<p>As\u00ed mismo, apunta que la supuesta modernizaci\u00f3n de la Fiscal\u00eda General de Justicia no sirve si \u00fanicamente es en cuanto a la imagen y no al trabajo que realiza. \u00abEl cambio de imagen de la fiscal\u00eda en imagen no basta, est\u00e1 bien si eso les inspira, pero no es suficiente\u201d, sentenci\u00f3.&nbsp;&nbsp;<\/p>\n\n\n\n<p>Para la tambi\u00e9n activista, el gran triunfo de la declaratoria de la Alerta radic\u00f3 en que las autoridades reconocieran que existe una problem\u00e1tica real en torno a la violencia de g\u00e9nero y feminicida en la entidad, sin embargo, lament\u00f3 que hasta el momento no hayan podido atenderla al cien por ciento, teniendo consecuencias funestas en perjuicio de las mujeres.&nbsp;&nbsp;<\/p>\n\n\n\n<p>\u201cEs claro que los asesinatos de mujeres son reales y que tienen que ver con una realidad social compleja, tambi\u00e9n es claro que el Estado no ha podido garantizar la seguridad y la vida de las mujeres\u201d, manifest\u00f3 a la par de reconocer el rezago que a\u00fan registra la entidad.&nbsp;<\/p>\n\n\n\n<p>Finalmente, indic\u00f3 que seguir hablando de la AVG es no quitar el dedo del rengl\u00f3n en la exigencia hacia las autoridades quienes son las responsables de prevenir, atender, sancionar y erradicar la violencia hacia las mujeres.<\/p>\n","protected":false},"excerpt":{"rendered":"<p>Evlin Arag\u00f3n\/Zona Roja. Oaxaca de Ju\u00e1rez, Oax., 6 de noviembre de 2020.- La falta de&hellip;<\/p>\n","protected":false},"author":2,"featured_media":19729,"comment_status":"closed","ping_status":"open","sticky":false,"template":"","format":"standard","meta":{"_lmt_disableupdate":"","_lmt_disable":"","_jetpack_memberships_contains_paid_content":false,"footnotes":""},"categories":[109,46],"tags":[1001],"class_list":["post-19721","post","type-post","status-publish","format-standard","has-post-thumbnail","hentry","category-minuto-a-minuto","category-zona-blanca","tag-grupo-de-estudios-sobre-la-mujer-rosario-castellanos"],"jetpack_featured_media_url":"https:\/\/zonaroja.com.mx\/wp-content\/uploads\/2020\/11\/Conversatorio-Gesmujer-1.jpg","jetpack_sharing_enabled":true,"_links":{"self":[{"href":"https:\/\/zonaroja.com.mx\/index.php?rest_route=\/wp\/v2\/posts\/19721","targetHints":{"allow":["GET"]}}],"collection":[{"href":"https:\/\/zonaroja.com.mx\/index.php?rest_route=\/wp\/v2\/posts"}],"about":[{"href":"https:\/\/zonaroja.com.mx\/index.php?rest_route=\/wp\/v2\/types\/post"}],"author":[{"embeddable":true,"href":"https:\/\/zonaroja.com.mx\/index.php?rest_route=\/wp\/v2\/users\/2"}],"replies":[{"embeddable":true,"href":"https:\/\/zonaroja.com.mx\/index.php?rest_route=%2Fwp%2Fv2%2Fcomments&post=19721"}],"version-history":[{"count":1,"href":"https:\/\/zonaroja.com.mx\/index.php?rest_route=\/wp\/v2\/posts\/19721\/revisions"}],"predecessor-version":[{"id":19730,"href":"https:\/\/zonaroja.com.mx\/index.php?rest_route=\/wp\/v2\/posts\/19721\/revisions\/19730"}],"wp:featuredmedia":[{"embeddable":true,"href":"https:\/\/zonaroja.com.mx\/index.php?rest_route=\/wp\/v2\/media\/19729"}],"wp:attachment":[{"href":"https:\/\/zonaroja.com.mx\/index.php?rest_route=%2Fwp%2Fv2%2Fmedia&parent=19721"}],"wp:term":[{"taxonomy":"category","embeddable":true,"href":"https:\/\/zonaroja.com.mx\/index.php?rest_route=%2Fwp%2Fv2%2Fcategories&post=19721"},{"taxonomy":"post_tag","embeddable":true,"href":"https:\/\/zonaroja.com.mx\/index.php?rest_route=%2Fwp%2Fv2%2Ftags&post=19721"}],"curies":[{"name":"wp","href":"https:\/\/api.w.org\/{rel}","templated":true}]}}