{"id":19724,"date":"2020-11-06T13:10:31","date_gmt":"2020-11-06T19:10:31","guid":{"rendered":"https:\/\/www.zonaroja.com.mx\/?p=19724"},"modified":"2020-11-06T13:10:35","modified_gmt":"2020-11-06T19:10:35","slug":"exigen-liberacion-de-representante-de-codedi-a-un-ano-de-su-aprehension","status":"publish","type":"post","link":"https:\/\/zonaroja.com.mx\/?p=19724","title":{"rendered":"Exigen liberaci\u00f3n de representante de Codedi, a un a\u00f1o de su aprehensi\u00f3n"},"content":{"rendered":"\n<p class=\"MsoNormal\">Yuridiana Sosa\/Zona Roja. <\/p>\n\n\n\n<p class=\"MsoNormal\">Oaxaca de Ju\u00e1rez, Oax., 6 de noviembre de 2020.- Integrantes del Comit\u00e9 de Defensa de Derechos Ind\u00edgenas (Codedi) exigieron al gobierno la liberaci\u00f3n de su dirigente, Fredy Garc\u00eda Ram\u00edrez, a un a\u00f1o de su detenci\u00f3n, pues dijeron que no existen pruebas de su responsabilidad de los cr\u00edmenes que se le imputan.<\/p>\n\n\n\n<p class=\"MsoNormal\">En conferencia de prensa, quienes forman parte de la @Coordinaci\u00f3n por la libertad de personas defensoras criminalizadas en Oaxaca\u201d, se\u00f1alaron un evidente atraso por parte de las autoridades judiciales para concluir el proceso penal contra el defensor y con la excusa de la contingencia \u201clo siguen obligando a estar dentro (en prisi\u00f3n)\u201d.<\/p>\n\n\n\n<p class=\"MsoNormal\">Luego de m\u00e1s de 11 meses de su aprehensi\u00f3n, apenas el pasado 20 de octubre se indic\u00f3 el cierre del plazo de la investigaci\u00f3n, sin que se determinara una fecha para la audiencia intermedia, apuntaron.&nbsp;<\/p>\n\n\n\n<p class=\"MsoNormal\">Pero, adem\u00e1s, exigieron investigaciones contra los funcionarios estatales por las graves violaciones que se han cometido contra el defensor, previo a su arresto y durante su proceso penal. Tambi\u00e9n demandaron cese a los ataques a los integrantes de Codedi, y de otras organizaciones defensoras de derechos humanos.<\/p>\n\n\n\n<p class=\"MsoNormal\">En medio de este proceso, la organizaci\u00f3n recurri\u00f3 a la Comisi\u00f3n Nacional de Derechos Humanos (CNDH) por la desconfianza para actuar de la Defensor\u00eda de los Derechos Humanos del Pueblo de Oaxaca (DDHPO) a favor de las v\u00edctimas, pero a pesar de la petici\u00f3n del organismo nacional al local para su intervenci\u00f3n, \u00e9ste tambi\u00e9n presenta lentitud, denunciaron.&nbsp;<\/p>\n\n\n\n<p class=\"MsoNormal\">El pasado 6 de noviembre de 2019, en medio de una jornada de movilizaciones, Fredy Garc\u00eda fue detenido presuntamente en cumplimiento de una orden de aprehensi\u00f3n por los actos violentos en la comunidad de Santiago Xanica, en la Costa, en el marco de un proceso electoral local.<\/p>\n","protected":false},"excerpt":{"rendered":"<p>Yuridiana Sosa\/Zona Roja. Oaxaca de Ju\u00e1rez, Oax., 6 de noviembre de 2020.- Integrantes del Comit\u00e9&hellip;<\/p>\n","protected":false},"author":2,"featured_media":19723,"comment_status":"closed","ping_status":"open","sticky":false,"template":"","format":"standard","meta":{"_lmt_disableupdate":"","_lmt_disable":"","_jetpack_memberships_contains_paid_content":false,"footnotes":""},"categories":[1],"tags":[],"class_list":["post-19724","post","type-post","status-publish","format-standard","has-post-thumbnail","hentry","category-sin-categoria"],"jetpack_featured_media_url":"https:\/\/zonaroja.com.mx\/wp-content\/uploads\/2020\/11\/5bc05576-460a-40ce-be42-7f16ac0498f6.jpg","jetpack_sharing_enabled":true,"_links":{"self":[{"href":"https:\/\/zonaroja.com.mx\/index.php?rest_route=\/wp\/v2\/posts\/19724","targetHints":{"allow":["GET"]}}],"collection":[{"href":"https:\/\/zonaroja.com.mx\/index.php?rest_route=\/wp\/v2\/posts"}],"about":[{"href":"https:\/\/zonaroja.com.mx\/index.php?rest_route=\/wp\/v2\/types\/post"}],"author":[{"embeddable":true,"href":"https:\/\/zonaroja.com.mx\/index.php?rest_route=\/wp\/v2\/users\/2"}],"replies":[{"embeddable":true,"href":"https:\/\/zonaroja.com.mx\/index.php?rest_route=%2Fwp%2Fv2%2Fcomments&post=19724"}],"version-history":[{"count":1,"href":"https:\/\/zonaroja.com.mx\/index.php?rest_route=\/wp\/v2\/posts\/19724\/revisions"}],"predecessor-version":[{"id":19725,"href":"https:\/\/zonaroja.com.mx\/index.php?rest_route=\/wp\/v2\/posts\/19724\/revisions\/19725"}],"wp:featuredmedia":[{"embeddable":true,"href":"https:\/\/zonaroja.com.mx\/index.php?rest_route=\/wp\/v2\/media\/19723"}],"wp:attachment":[{"href":"https:\/\/zonaroja.com.mx\/index.php?rest_route=%2Fwp%2Fv2%2Fmedia&parent=19724"}],"wp:term":[{"taxonomy":"category","embeddable":true,"href":"https:\/\/zonaroja.com.mx\/index.php?rest_route=%2Fwp%2Fv2%2Fcategories&post=19724"},{"taxonomy":"post_tag","embeddable":true,"href":"https:\/\/zonaroja.com.mx\/index.php?rest_route=%2Fwp%2Fv2%2Ftags&post=19724"}],"curies":[{"name":"wp","href":"https:\/\/api.w.org\/{rel}","templated":true}]}}