{"id":1973,"date":"2019-07-02T08:49:56","date_gmt":"2019-07-02T13:49:56","guid":{"rendered":"http:\/\/www.zonaroja.com.mx\/?p=1973"},"modified":"2019-07-02T08:49:58","modified_gmt":"2019-07-02T13:49:58","slug":"ayuntamientos-ieepo-y-fiscalia-quienes-mas-vulneran-los-derechos-humanos-en-oaxaca","status":"publish","type":"post","link":"https:\/\/zonaroja.com.mx\/?p=1973","title":{"rendered":"Ayuntamientos, IEEPO y Fiscal\u00eda quienes m\u00e1s vulneran los derechos humanos en Oaxaca"},"content":{"rendered":"\n<p>Evlin Arag\u00f3n<\/p>\n\n\n\n<p>Oaxaca de\nJu\u00e1rez, Oax., 2 de julio de 2019.- Las autoridades municipales son las se\u00f1aladas\ncon mayor frecuencia de vulnerar las garant\u00edas de la poblaci\u00f3n en la entidad,\ninform\u00f3 la Defensor\u00eda de los Derechos Humanos del Pueblo de Oaxaca (DDHPO).<\/p>\n\n\n\n<p>En lo que va\ndel a\u00f1o, el organismo aut\u00f3nomo inicio un total de mil 610 quejas, de las cuales\nmil 297 fueron realizadas en la oficina central y el resto que corresponde a\n374 las interpusieron en las oficinas regionales.<\/p>\n\n\n\n<p>El mayor de\nn\u00famero de quejas fue presentado en contra de los ayuntamientos, seguidas del\nInstituto Estatal de Educaci\u00f3n P\u00fablica, la Fiscal\u00eda General de Oaxaca, el\nTribunal Superior de Justicia del Estado y la Secretar\u00eda de Seguridad P\u00fablica.<\/p>\n\n\n\n<p>De enero a\nla fecha, 639 quejas han sido interpuestas en contra de los ayuntamientos, sin\nespecificar cu\u00e1les son los m\u00e1s recurrentes, seguido de 262 para el IEEPO y 193\nhacia la Fiscal\u00eda General, que se llevan los tres primeros lugares de la lista\nemitida por la Defensor\u00eda conforme a sus estad\u00edsticas.<\/p>\n\n\n\n<p>El derecho a\nla legalidad, a la libertad ambulatoria, al debido proceso, a la integridad\npersonal, de petici\u00f3n y pronta respuesta, al trabajo, a la educaci\u00f3n, y de\nni\u00f1as, ni\u00f1os y adolescentes son los derechos m\u00e1s vulnerados por parte de las\nautoridades antes mencionadas.<\/p>\n\n\n\n<p>En d\u00edas\nrecientes, el titular de la DDHPO, Bernardo Rodr\u00edguez Alamilla, reconoci\u00f3 la\nproblem\u00e1tica, raz\u00f3n por la que anunci\u00f3 una anunci\u00f3 una estrategia integral de\nderechos humanos para los municipios de Oaxaca , que comprende informaci\u00f3n para\nla ciudadan\u00eda desde la&nbsp; promoci\u00f3n,\nprevenci\u00f3n y protecci\u00f3n en materia de derechos humanos.<\/p>\n","protected":false},"excerpt":{"rendered":"<p>Evlin Arag\u00f3n Oaxaca de Ju\u00e1rez, Oax., 2 de julio de 2019.- Las autoridades municipales son&hellip;<\/p>\n","protected":false},"author":2,"featured_media":1974,"comment_status":"closed","ping_status":"open","sticky":false,"template":"","format":"standard","meta":{"_lmt_disableupdate":"","_lmt_disable":"","_jetpack_memberships_contains_paid_content":false,"footnotes":""},"categories":[109,51],"tags":[287,58],"class_list":["post-1973","post","type-post","status-publish","format-standard","has-post-thumbnail","hentry","category-minuto-a-minuto","category-zona-roja","tag-ddhpo","tag-oaxaca"],"jetpack_featured_media_url":"https:\/\/zonaroja.com.mx\/wp-content\/uploads\/2019\/07\/Boletin-1.jpg","jetpack_sharing_enabled":true,"_links":{"self":[{"href":"https:\/\/zonaroja.com.mx\/index.php?rest_route=\/wp\/v2\/posts\/1973","targetHints":{"allow":["GET"]}}],"collection":[{"href":"https:\/\/zonaroja.com.mx\/index.php?rest_route=\/wp\/v2\/posts"}],"about":[{"href":"https:\/\/zonaroja.com.mx\/index.php?rest_route=\/wp\/v2\/types\/post"}],"author":[{"embeddable":true,"href":"https:\/\/zonaroja.com.mx\/index.php?rest_route=\/wp\/v2\/users\/2"}],"replies":[{"embeddable":true,"href":"https:\/\/zonaroja.com.mx\/index.php?rest_route=%2Fwp%2Fv2%2Fcomments&post=1973"}],"version-history":[{"count":1,"href":"https:\/\/zonaroja.com.mx\/index.php?rest_route=\/wp\/v2\/posts\/1973\/revisions"}],"predecessor-version":[{"id":1975,"href":"https:\/\/zonaroja.com.mx\/index.php?rest_route=\/wp\/v2\/posts\/1973\/revisions\/1975"}],"wp:featuredmedia":[{"embeddable":true,"href":"https:\/\/zonaroja.com.mx\/index.php?rest_route=\/wp\/v2\/media\/1974"}],"wp:attachment":[{"href":"https:\/\/zonaroja.com.mx\/index.php?rest_route=%2Fwp%2Fv2%2Fmedia&parent=1973"}],"wp:term":[{"taxonomy":"category","embeddable":true,"href":"https:\/\/zonaroja.com.mx\/index.php?rest_route=%2Fwp%2Fv2%2Fcategories&post=1973"},{"taxonomy":"post_tag","embeddable":true,"href":"https:\/\/zonaroja.com.mx\/index.php?rest_route=%2Fwp%2Fv2%2Ftags&post=1973"}],"curies":[{"name":"wp","href":"https:\/\/api.w.org\/{rel}","templated":true}]}}