{"id":19731,"date":"2020-11-06T16:17:18","date_gmt":"2020-11-06T22:17:18","guid":{"rendered":"http:\/\/www.zonaroja.com.mx\/?p=19731"},"modified":"2020-11-06T16:17:23","modified_gmt":"2020-11-06T22:17:23","slug":"comuneros-toman-conafor-para-exigir-adeudos-por-2-5-mdp","status":"publish","type":"post","link":"https:\/\/zonaroja.com.mx\/?p=19731","title":{"rendered":"Comuneros \u201ctoman\u201d Conafor para exigir adeudos por 2.5 MDP"},"content":{"rendered":"\n<p>Yuridiana Sosa\/Zona Roja.<\/p>\n\n\n\n<p>Oaxaca de Ju\u00e1rez, Oax., 6 de noviembre de 2020.- Comuneros de 10 localidades de la regi\u00f3n de Valles Centrales se apoderaron de las instalaciones de la Comisi\u00f3n Nacional Forestal (Conafor) en la capital, para exigir el pago por concepto de servicios ambientales, que adeuda desde hace cuatro meses.<\/p>\n\n\n\n<p>Los inconformes se\u00f1alaron que son cerca de dos millones 500 mil pesos los que no se han entregado a las poblaciones que realizan labores de conservaci\u00f3n y cuidados al medio ambiente, lo cual impide continuar con las actividades de cuidado a la flora y fauna, as\u00ed como capacitaciones.<\/p>\n\n\n\n<p>Desde temprana hora de este viernes arribaron a las instalaciones de la Conafor, en la colonia Reforma, comuneros de San Miguel y San Gabriel Etla, San Pablo Etla, San Agust\u00edn Etla, Ejido San Andr\u00e9s Ixtlahuaca, Ejido Donaj\u00ed, Santa Ana del Valle, San Bartolom\u00e9 Quialana, Uni\u00f3n Zapata, Villa de Mitla y Santa Catarina Albarradas, donde adem\u00e1s bloquearon la vialidad.<\/p>\n\n\n\n<figure class=\"wp-block-embed-twitter wp-block-embed is-type-rich is-provider-twitter\"><div class=\"wp-block-embed__wrapper\">\n<div class=\"twitter-tweet\"><blockquote class=\"twitter-tweet\" data-lang=\"es\"><p lang=\"es\" dir=\"ltr\"><a href=\"https:\/\/twitter.com\/hashtag\/%C3%9AltimoMinuto?src=hash&amp;ref_src=twsrc%5Etfw\">#\u00daltimoMinuto<\/a> <br>Esta ma\u00f1ana, comuneros de diversas localidades de los Valles Centrales de Oaxaca protestan en la sede de la <a href=\"https:\/\/twitter.com\/CONAFOR?ref_src=twsrc%5Etfw\">@CONAFOR<\/a> en la capital, para exigir pago de recursos por servicios ambientales. <a href=\"https:\/\/t.co\/nOJX0cwrps\">pic.twitter.com\/nOJX0cwrps<\/a><\/p>&mdash; Zona Roja Oaxaca (@MexRoja) <a href=\"https:\/\/twitter.com\/MexRoja\/status\/1324764098400342020?ref_src=twsrc%5Etfw\">6 de noviembre de 2020<\/a><\/blockquote><\/div>\n<\/div><\/figure>\n\n\n\n<p>El presidente del Consejo de Vigilancia del Comisariado de San Agust\u00edn Etla, Marcos Navarro L\u00f3pez, se\u00f1al\u00f3 que la dependencia mantiene retenido el pago con el pretexto que deben entregar documentos avalados por sus asambleas de comuneros, pero por la contingencia sanitaria no pueden realizar ese tipo de reuniones.<\/p>\n\n\n\n<p>\u201cLa Conafor maneja a su conveniencia las reglas de operaciones del pago de servicios ambientales\u201d, dijo el representante de los inconformes.<\/p>\n\n\n\n<p>De acuerdo con los comuneros, el Gobierno del Estado ya entreg\u00f3 la parte que le corresponde de ese recurso, por lo que mantendr\u00e1n su protesta contra la Conafor el tiempo que sea necesario para que haga valer el pago.<\/p>\n\n\n\n<p>El dinero, detall\u00f3 Navarro L\u00f3pez, sirve para la capacitaci\u00f3n de brigadas contra incendios forestales, limpieza de bosques, mantenimiento de brechas, entre otras que ayudan a la conservaci\u00f3n de bosques y reservas naturales en la regi\u00f3n de Valles Centrales.<\/p>\n","protected":false},"excerpt":{"rendered":"<p>Yuridiana Sosa\/Zona Roja. Oaxaca de Ju\u00e1rez, Oax., 6 de noviembre de 2020.- Comuneros de 10&hellip;<\/p>\n","protected":false},"author":2,"featured_media":19732,"comment_status":"closed","ping_status":"open","sticky":false,"template":"","format":"standard","meta":{"_lmt_disableupdate":"","_lmt_disable":"","_jetpack_memberships_contains_paid_content":false,"footnotes":""},"categories":[109,47],"tags":[2179],"class_list":["post-19731","post","type-post","status-publish","format-standard","has-post-thumbnail","hentry","category-minuto-a-minuto","category-zona-gris","tag-comision-nacional-forestal-conafor-oaxaca"],"jetpack_featured_media_url":"https:\/\/zonaroja.com.mx\/wp-content\/uploads\/2020\/11\/Protesta-Conafor.jpg","jetpack_sharing_enabled":true,"_links":{"self":[{"href":"https:\/\/zonaroja.com.mx\/index.php?rest_route=\/wp\/v2\/posts\/19731","targetHints":{"allow":["GET"]}}],"collection":[{"href":"https:\/\/zonaroja.com.mx\/index.php?rest_route=\/wp\/v2\/posts"}],"about":[{"href":"https:\/\/zonaroja.com.mx\/index.php?rest_route=\/wp\/v2\/types\/post"}],"author":[{"embeddable":true,"href":"https:\/\/zonaroja.com.mx\/index.php?rest_route=\/wp\/v2\/users\/2"}],"replies":[{"embeddable":true,"href":"https:\/\/zonaroja.com.mx\/index.php?rest_route=%2Fwp%2Fv2%2Fcomments&post=19731"}],"version-history":[{"count":1,"href":"https:\/\/zonaroja.com.mx\/index.php?rest_route=\/wp\/v2\/posts\/19731\/revisions"}],"predecessor-version":[{"id":19733,"href":"https:\/\/zonaroja.com.mx\/index.php?rest_route=\/wp\/v2\/posts\/19731\/revisions\/19733"}],"wp:featuredmedia":[{"embeddable":true,"href":"https:\/\/zonaroja.com.mx\/index.php?rest_route=\/wp\/v2\/media\/19732"}],"wp:attachment":[{"href":"https:\/\/zonaroja.com.mx\/index.php?rest_route=%2Fwp%2Fv2%2Fmedia&parent=19731"}],"wp:term":[{"taxonomy":"category","embeddable":true,"href":"https:\/\/zonaroja.com.mx\/index.php?rest_route=%2Fwp%2Fv2%2Fcategories&post=19731"},{"taxonomy":"post_tag","embeddable":true,"href":"https:\/\/zonaroja.com.mx\/index.php?rest_route=%2Fwp%2Fv2%2Ftags&post=19731"}],"curies":[{"name":"wp","href":"https:\/\/api.w.org\/{rel}","templated":true}]}}