{"id":19734,"date":"2020-11-06T18:25:19","date_gmt":"2020-11-07T00:25:19","guid":{"rendered":"http:\/\/www.zonaroja.com.mx\/?p=19734"},"modified":"2020-11-06T18:25:23","modified_gmt":"2020-11-07T00:25:23","slug":"confirma-teeo-que-presidenta-de-san-jacinto-amilpas-cometio-violencia-de-genero","status":"publish","type":"post","link":"https:\/\/zonaroja.com.mx\/?p=19734","title":{"rendered":"Confirma TEEO que presidenta de San Jacinto Amilpas cometi\u00f3 violencia de g\u00e9nero"},"content":{"rendered":"\n<p>Redacci\u00f3n\/Zona Roja.<\/p>\n\n\n\n<p>Oaxaca de Ju\u00e1rez, Oax., 6 de noviembre de 2020.- La presidenta municipal de San Jacinto Amilpas, Yolanda Santos Monta\u00f1o, cometi\u00f3 violencia de g\u00e9nero en contra de una regidora, confirm\u00f3 el Instituto Electoral del Estado de Oaxaca (TEEO).<\/p>\n\n\n\n<p>En un comunicado, dio a conocer que en sesi\u00f3n ordinaria, el pleno declar\u00f3 fundada la violencia pol\u00edtica en raz\u00f3n de g\u00e9nero contra la concejal de Hacienda (Gisela Lilia P\u00e9rez  Garc\u00eda) de ese municipio conurbado a la capital oaxaque\u00f1a.<\/p>\n\n\n\n<p>De acuerdo con el Juicio Ciudadano identificado con la clave JDC\/63\/2020, la actora expuso que, de manera reiterada, no la ha convocado a las sesiones de Cabildo, no le ha pagado las dietas, ni le ha asignado una oficina y material para el desarrollo de sus funciones, as\u00ed como tampoco le permite la entrada al Palacio Municipal.<\/p>\n\n\n\n<p>Al respecto, por mayor\u00eda de votos, el Pleno de este Tribunal declar\u00f3 fundado el agravio consistente en la omisi\u00f3n del pago de dietas a la actora.<\/p>\n\n\n\n<p>En consecuencia, orden\u00f3 a la presidenta municipal &#8211;surgida del Partido Morena&#8211; y dem\u00e1s integrantes del ayuntamiento de San Jacinto Amilpas, realicen los actos de los efectos de la sentencia.<\/p>\n\n\n\n<p>La resoluci\u00f3n advirti\u00f3 que la autoridad responsable no aport\u00f3 documental alguna que desvirtuara la pretensi\u00f3n de la actora.<\/p>\n\n\n\n<p>\u201cPara garantizar el cumplimiento total e \u00edntegro a la presente sentencia y dem\u00e1s determinaciones, la magistrada y los magistrados del TEEO remitieron este expediente a la ponencia del magistrado Maestro Miguel \u00c1ngel Carballido D\u00edaz\u201d, se\u00f1al\u00f3.<\/p>\n\n\n\n<p>En la misma sesi\u00f3n celebrada por videoconferencia, por unanimidad, la magistrada y los magistrados ordenaron a la presidenta municipal de Villa Tej\u00fapam de la Uni\u00f3n, restituir a la parte actora en el goce de sus derechos pol\u00edtico electorales, de conformidad con los preceptos de la presente resoluci\u00f3n, contenido en el expediente n\u00famero JDC\/71\/2020.<\/p>\n\n\n\n<p>Y, en consecuencia, se protegen los derechos pol\u00edtico electorales de la parte afectada.<\/p>\n\n\n\n<p>En esta resoluci\u00f3n se vincul\u00f3 a los integrantes del ayuntamiento de Villa Tej\u00fapam y a la Secretar\u00eda de las Mujeres de Oaxaca, para garantizar su cumplimiento.<\/p>\n","protected":false},"excerpt":{"rendered":"<p>Redacci\u00f3n\/Zona Roja. Oaxaca de Ju\u00e1rez, Oax., 6 de noviembre de 2020.- La presidenta municipal de&hellip;<\/p>\n","protected":false},"author":2,"featured_media":19735,"comment_status":"closed","ping_status":"open","sticky":false,"template":"","format":"standard","meta":{"_lmt_disableupdate":"","_lmt_disable":"","_jetpack_memberships_contains_paid_content":false,"footnotes":""},"categories":[109,47],"tags":[77,366],"class_list":["post-19734","post","type-post","status-publish","format-standard","has-post-thumbnail","hentry","category-minuto-a-minuto","category-zona-gris","tag-san-jacinto-amilpas","tag-yolanda-santos-san-jacinto-amilpas"],"jetpack_featured_media_url":"https:\/\/zonaroja.com.mx\/wp-content\/uploads\/2020\/11\/Yolanda-Santos-Montano.jpg","jetpack_sharing_enabled":true,"_links":{"self":[{"href":"https:\/\/zonaroja.com.mx\/index.php?rest_route=\/wp\/v2\/posts\/19734","targetHints":{"allow":["GET"]}}],"collection":[{"href":"https:\/\/zonaroja.com.mx\/index.php?rest_route=\/wp\/v2\/posts"}],"about":[{"href":"https:\/\/zonaroja.com.mx\/index.php?rest_route=\/wp\/v2\/types\/post"}],"author":[{"embeddable":true,"href":"https:\/\/zonaroja.com.mx\/index.php?rest_route=\/wp\/v2\/users\/2"}],"replies":[{"embeddable":true,"href":"https:\/\/zonaroja.com.mx\/index.php?rest_route=%2Fwp%2Fv2%2Fcomments&post=19734"}],"version-history":[{"count":1,"href":"https:\/\/zonaroja.com.mx\/index.php?rest_route=\/wp\/v2\/posts\/19734\/revisions"}],"predecessor-version":[{"id":19736,"href":"https:\/\/zonaroja.com.mx\/index.php?rest_route=\/wp\/v2\/posts\/19734\/revisions\/19736"}],"wp:featuredmedia":[{"embeddable":true,"href":"https:\/\/zonaroja.com.mx\/index.php?rest_route=\/wp\/v2\/media\/19735"}],"wp:attachment":[{"href":"https:\/\/zonaroja.com.mx\/index.php?rest_route=%2Fwp%2Fv2%2Fmedia&parent=19734"}],"wp:term":[{"taxonomy":"category","embeddable":true,"href":"https:\/\/zonaroja.com.mx\/index.php?rest_route=%2Fwp%2Fv2%2Fcategories&post=19734"},{"taxonomy":"post_tag","embeddable":true,"href":"https:\/\/zonaroja.com.mx\/index.php?rest_route=%2Fwp%2Fv2%2Ftags&post=19734"}],"curies":[{"name":"wp","href":"https:\/\/api.w.org\/{rel}","templated":true}]}}