{"id":19737,"date":"2020-11-06T19:21:25","date_gmt":"2020-11-07T01:21:25","guid":{"rendered":"http:\/\/www.zonaroja.com.mx\/?p=19737"},"modified":"2020-11-06T19:21:29","modified_gmt":"2020-11-07T01:21:29","slug":"el-fpr-pone-en-duda-eficacia-de-fiscalia-en-detencion-de-presunto-asesino-de-tomas-martinez","status":"publish","type":"post","link":"https:\/\/zonaroja.com.mx\/?p=19737","title":{"rendered":"El FPR pone en duda eficacia de Fiscal\u00eda en detenci\u00f3n de presunto asesino de Tom\u00e1s Mart\u00ednez"},"content":{"rendered":"\n<p>Yuridiana Sosa\/Zona Roja.<\/p>\n\n\n\n<p>Oaxaca de Ju\u00e1rez, Oax., 6 de noviembre de 2020.- El Frente Popular Revolucionario (FPR) manifest\u00f3 incredulidad ante la aprehensi\u00f3n de un presunto autor material del asesinato de su dirigente regional Tom\u00e1s Mart\u00ednez Pinacho, como anunci\u00f3 este jueves la Fiscal\u00eda General del Estado, sobre la que puso en duda la eficacia para aplicar justicia.<\/p>\n\n\n\n<p>En conferencia de prensa, apoyada por integrantes de diversas organizaciones, asever\u00f3 que no permitir\u00e1n la creaci\u00f3n de \u201cchivos expiatorios\u201d por parte de la Fiscal\u00eda de Oaxaca, ni que una mala integraci\u00f3n en la carpeta de investigaci\u00f3n eche abajo el proceso contra quien pudiera ser uno de los implicados, como se ha registrado en otras ocasiones.<\/p>\n\n\n\n<p>\u201cNo permitiremos una simulaci\u00f3n por medio de un chivo expiatorio para ocultar la verdad de las causas por las que le arrebataron la vida a Tom\u00e1s Mart\u00ednez\u201d, manifest\u00f3 el dirigente estatal del FPR, Macario Otalo Padilla.<\/p>\n\n\n\n<figure class=\"wp-block-embed-twitter wp-block-embed is-type-rich is-provider-twitter\"><div class=\"wp-block-embed__wrapper\">\n<div class=\"twitter-tweet\"><blockquote class=\"twitter-tweet\" data-lang=\"es\"><p lang=\"es\" dir=\"ltr\"><a href=\"https:\/\/twitter.com\/hashtag\/OaxacaGris?src=hash&amp;ref_src=twsrc%5Etfw\">#OaxacaGris<\/a> <br>El <a href=\"https:\/\/twitter.com\/FPR_OAXACA?ref_src=twsrc%5Etfw\">@FPR_OAXACA<\/a> y otras organizaciones sociales, lamentaron que solo a trav\u00e9s de presiones act\u00fae la <a href=\"https:\/\/twitter.com\/FISCALIA_GobOax?ref_src=twsrc%5Etfw\">@FISCALIA_GobOax<\/a>; en el caso de la aprehensi\u00f3n de un probable autor del crimen de Tom\u00e1s Mart\u00ednez; consideraron que podr\u00eda tratarse de un \u201cchivo expiatorio\u201d. <a href=\"https:\/\/t.co\/sULstJBJEs\">pic.twitter.com\/sULstJBJEs<\/a><\/p>&mdash; Zona Roja Oaxaca (@MexRoja) <a href=\"https:\/\/twitter.com\/MexRoja\/status\/1324803766588243968?ref_src=twsrc%5Etfw\">6 de noviembre de 2020<\/a><\/blockquote><\/div>\n<\/div><\/figure>\n\n\n\n<p>Pero, adem\u00e1s, las organizaciones advirtieron al fiscal Rub\u00e9n Vasconcelos que no permitir\u00e1n que este caso se limite a la detenci\u00f3n de una persona, por lo que demandaron las investigaciones necesarias para la detenci\u00f3n de otros implicados y de los autores intelectuales.<\/p>\n\n\n\n<p>\u00abLa crisis en Oaxaca tambi\u00e9n toca a la justicia, a pesar de los &#8216;buenos resultados&#8217; que el fiscal Rub\u00e9n Vasconcelos rindi\u00f3 a escondidas en la C\u00e1mara de Diputados local, el incremento de la delincuencia, los feminicidios, desaparici\u00f3n de mujeres y la violencia en general son claros indicativos de falta de justicia\u00bb, expuso Macario Otalo.<\/p>\n\n\n\n<p>Enumer\u00f3 diversos pendientes de la Fiscal\u00eda, como los casos de Mar\u00eda Elena R\u00edos, la masacre en San Mateo del Mar, el crimen de Heriberto Pazos Ortiz, as\u00ed como el de Arturo Pimentel, Rafael Vicente Rodr\u00edguez y Catario Torres, entre otros, como los grandes pendientes de la instituci\u00f3n de procuraci\u00f3n de justicia.<\/p>\n\n\n\n<p>\u00abAnte el clima de violencia que se mantiene en Oaxaca, hacemos responsable al Gobierno del Estado que encabeza Alejandro Murat de cualquier agresi\u00f3n de la que pueda ser objeto la familia del compa\u00f1ero Tom\u00e1s Mart\u00ednez y los integrantes de nuestra organizaci\u00f3n\u00bb, expuso.<\/p>\n\n\n\n<p>Este jueves 5 de noviembre por medio de la cuenta oficial de Twitter de la Fiscal\u00eda General de Oaxaca se dio a conocer de la detenci\u00f3n una persona por el asesinato de Tom\u00e1s Mart\u00ednez Pinacho, el pasado 24 de agosto en el municipio de \u00c1nimas Trujano, conurbado a la capital.<\/p>\n","protected":false},"excerpt":{"rendered":"<p>Yuridiana Sosa\/Zona Roja. Oaxaca de Ju\u00e1rez, Oax., 6 de noviembre de 2020.- El Frente Popular&hellip;<\/p>\n","protected":false},"author":2,"featured_media":19738,"comment_status":"closed","ping_status":"open","sticky":false,"template":"","format":"standard","meta":{"_lmt_disableupdate":"","_lmt_disable":"","_jetpack_memberships_contains_paid_content":false,"footnotes":""},"categories":[109,47],"tags":[1687,2180],"class_list":["post-19737","post","type-post","status-publish","format-standard","has-post-thumbnail","hentry","category-minuto-a-minuto","category-zona-gris","tag-frente-popular-revolucionario-fpr","tag-tomas-martinez-pina"],"jetpack_featured_media_url":"https:\/\/zonaroja.com.mx\/wp-content\/uploads\/2020\/11\/Conferencia-Frente-Popular-Revolucionario.jpg","jetpack_sharing_enabled":true,"_links":{"self":[{"href":"https:\/\/zonaroja.com.mx\/index.php?rest_route=\/wp\/v2\/posts\/19737","targetHints":{"allow":["GET"]}}],"collection":[{"href":"https:\/\/zonaroja.com.mx\/index.php?rest_route=\/wp\/v2\/posts"}],"about":[{"href":"https:\/\/zonaroja.com.mx\/index.php?rest_route=\/wp\/v2\/types\/post"}],"author":[{"embeddable":true,"href":"https:\/\/zonaroja.com.mx\/index.php?rest_route=\/wp\/v2\/users\/2"}],"replies":[{"embeddable":true,"href":"https:\/\/zonaroja.com.mx\/index.php?rest_route=%2Fwp%2Fv2%2Fcomments&post=19737"}],"version-history":[{"count":1,"href":"https:\/\/zonaroja.com.mx\/index.php?rest_route=\/wp\/v2\/posts\/19737\/revisions"}],"predecessor-version":[{"id":19739,"href":"https:\/\/zonaroja.com.mx\/index.php?rest_route=\/wp\/v2\/posts\/19737\/revisions\/19739"}],"wp:featuredmedia":[{"embeddable":true,"href":"https:\/\/zonaroja.com.mx\/index.php?rest_route=\/wp\/v2\/media\/19738"}],"wp:attachment":[{"href":"https:\/\/zonaroja.com.mx\/index.php?rest_route=%2Fwp%2Fv2%2Fmedia&parent=19737"}],"wp:term":[{"taxonomy":"category","embeddable":true,"href":"https:\/\/zonaroja.com.mx\/index.php?rest_route=%2Fwp%2Fv2%2Fcategories&post=19737"},{"taxonomy":"post_tag","embeddable":true,"href":"https:\/\/zonaroja.com.mx\/index.php?rest_route=%2Fwp%2Fv2%2Ftags&post=19737"}],"curies":[{"name":"wp","href":"https:\/\/api.w.org\/{rel}","templated":true}]}}