{"id":19740,"date":"2020-11-06T20:33:51","date_gmt":"2020-11-07T02:33:51","guid":{"rendered":"http:\/\/www.zonaroja.com.mx\/?p=19740"},"modified":"2020-11-06T20:33:56","modified_gmt":"2020-11-07T02:33:56","slug":"piden-diputados-a-secretaria-de-finanzas-destinar-recursos-a-universidad-comunal","status":"publish","type":"post","link":"https:\/\/zonaroja.com.mx\/?p=19740","title":{"rendered":"Piden diputados a Secretar\u00eda de Finanzas destinar recursos a Universidad Comunal"},"content":{"rendered":"\n<p>Redacci\u00f3n\/Zona Roja.<\/p>\n\n\n\n<p>Oaxaca de Ju\u00e1rez, Oax., 6 de noviembre de 2020. En seguimiento al compromiso legislativo de impulsar los saberes y educaci\u00f3n ind\u00edgena y comunal en la entidad, diputadas y diputados propusieron exhortar al Poder Ejecutivo, para que garantice la asignaci\u00f3n de presupuesto a la reci\u00e9n creada Universidad aut\u00f3noma Comunal de Oaxaca (UACO).<\/p>\n\n\n\n<p>Por ello, fue presentado ante la Diputaci\u00f3n Permanente del Congreso Local, una proposici\u00f3n con Punto de Acuerdo, mediante la cual se busca exhortar al titular de la Secretar\u00eda de Finanzas del Gobierno del Estado de Oaxaca, para que de inmediato se incorpore y contemple en el Proyecto de Presupuesto de Egresos del Estado para el Ejercicio Fiscal 2021, el recurso de operatividad para dicha instituci\u00f3n.<\/p>\n\n\n\n<p>Tambi\u00e9n, se pide a la secretar\u00eda realizar las acciones necesarias para que otorgue atenci\u00f3n necesaria al oficio UACO\/N\u00daM. 4320, de fecha 20 de octubre de 2020, y con ella se inicien los trabajos para la programaci\u00f3n y la presupuestaci\u00f3n de la Universidad Aut\u00f3noma Comunal.<\/p>\n\n\n\n<p>De esta forma, las y los representantes populares, pretenden garantizar, no solo el acceso a la educaci\u00f3n de los y las oaxaque\u00f1as, sino tambi\u00e9n a los derechos puntuales de los pueblos originarios.<\/p>\n\n\n\n<p>Dicha instituci\u00f3n educativa tiene como objeto, impartir educaci\u00f3n superior de licenciatura y de posgrado, cursos de actualizaci\u00f3n y especializaci\u00f3n, en sus modalidades escolar y extra escolar, formando profesionales, con sensibilidad y conocimientos culturales y comunitarios.<\/p>\n\n\n\n<p>Tambi\u00e9n, organizar y desarrollar actividades de investigaci\u00f3n y proyectos comunitarios, human\u00edsticos y cient\u00edficos en atenci\u00f3n primordialmente a los problemas de la comunidad, regional, estatal o nacional, y en relaci\u00f3n con las condiciones de desenvolvimiento cultural, social e hist\u00f3rico. As\u00ed como preservar, promover, difundir y acrecentar la cultura y los conocimientos comunitarios.<\/p>\n\n\n\n<p>Fue el 15 de enero de 2020, cuando el Congreso de Oaxaca aprob\u00f3 la Ley Org\u00e1nica de la Universidad Aut\u00f3noma Comunal de Oaxaca, misma que entr\u00f3 en vigor el 20 de abril del presente a\u00f1o, al ser publicado en el Peri\u00f3dico Oficial del Estado de Oaxaca.<\/p>\n\n\n\n<p>La proposici\u00f3n legislativa recibida por la Diputaci\u00f3n Permanente fue turnada para su an\u00e1lisis y dictamen a la Comisi\u00f3n Permanente Correspondiente.<\/p>\n","protected":false},"excerpt":{"rendered":"<p>Redacci\u00f3n\/Zona Roja. Oaxaca de Ju\u00e1rez, Oax., 6 de noviembre de 2020. En seguimiento al compromiso&hellip;<\/p>\n","protected":false},"author":2,"featured_media":19741,"comment_status":"closed","ping_status":"open","sticky":false,"template":"","format":"standard","meta":{"_lmt_disableupdate":"","_lmt_disable":"","_jetpack_memberships_contains_paid_content":false,"footnotes":""},"categories":[109,46],"tags":[213],"class_list":["post-19740","post","type-post","status-publish","format-standard","has-post-thumbnail","hentry","category-minuto-a-minuto","category-zona-blanca","tag-64-legislatura-de-oaxaca"],"jetpack_featured_media_url":"https:\/\/zonaroja.com.mx\/wp-content\/uploads\/2020\/11\/FOTO-2-Diputados-de-la-LXIV-Legislatura-de-Oaxaca.jpg","jetpack_sharing_enabled":true,"_links":{"self":[{"href":"https:\/\/zonaroja.com.mx\/index.php?rest_route=\/wp\/v2\/posts\/19740","targetHints":{"allow":["GET"]}}],"collection":[{"href":"https:\/\/zonaroja.com.mx\/index.php?rest_route=\/wp\/v2\/posts"}],"about":[{"href":"https:\/\/zonaroja.com.mx\/index.php?rest_route=\/wp\/v2\/types\/post"}],"author":[{"embeddable":true,"href":"https:\/\/zonaroja.com.mx\/index.php?rest_route=\/wp\/v2\/users\/2"}],"replies":[{"embeddable":true,"href":"https:\/\/zonaroja.com.mx\/index.php?rest_route=%2Fwp%2Fv2%2Fcomments&post=19740"}],"version-history":[{"count":1,"href":"https:\/\/zonaroja.com.mx\/index.php?rest_route=\/wp\/v2\/posts\/19740\/revisions"}],"predecessor-version":[{"id":19742,"href":"https:\/\/zonaroja.com.mx\/index.php?rest_route=\/wp\/v2\/posts\/19740\/revisions\/19742"}],"wp:featuredmedia":[{"embeddable":true,"href":"https:\/\/zonaroja.com.mx\/index.php?rest_route=\/wp\/v2\/media\/19741"}],"wp:attachment":[{"href":"https:\/\/zonaroja.com.mx\/index.php?rest_route=%2Fwp%2Fv2%2Fmedia&parent=19740"}],"wp:term":[{"taxonomy":"category","embeddable":true,"href":"https:\/\/zonaroja.com.mx\/index.php?rest_route=%2Fwp%2Fv2%2Fcategories&post=19740"},{"taxonomy":"post_tag","embeddable":true,"href":"https:\/\/zonaroja.com.mx\/index.php?rest_route=%2Fwp%2Fv2%2Ftags&post=19740"}],"curies":[{"name":"wp","href":"https:\/\/api.w.org\/{rel}","templated":true}]}}