{"id":19743,"date":"2020-11-06T21:22:19","date_gmt":"2020-11-07T03:22:19","guid":{"rendered":"http:\/\/www.zonaroja.com.mx\/?p=19743"},"modified":"2020-11-06T21:36:25","modified_gmt":"2020-11-07T03:36:25","slug":"tramita-martinez-helmes-ex-rector-de-uabjo-tres-amparos-ante-probable-detencion","status":"publish","type":"post","link":"https:\/\/zonaroja.com.mx\/?p=19743","title":{"rendered":"Tramita Mart\u00ednez Helmes, ex rector de UABJO, tres amparos ante probable detenci\u00f3n"},"content":{"rendered":"\n<p>Ismael Garc\u00eda M.\/Zona Roja.<\/p>\n\n\n\n<p>Oaxaca de Ju\u00e1rez, Oax., 6 de noviembre de 2020.- El ex rector de la Universidad Aut\u00f3noma \u201cBenito Ju\u00e1rez\u201d de Oaxaca, Eduardo Mart\u00ednez Helmes, tramit\u00f3 al menos tres amparos, ante probables \u00f3rdenes de detenci\u00f3n, de cuyas imputaciones a\u00fan se desconoce.<\/p>\n\n\n\n<p>Seg\u00fan la Lista de Acuerdos, uno de ellos es con fecha 16 de octubre y con el n\u00famero de folio 590\/2020, ante actos del Juzgado de Control de Cuicatl\u00e1n, del Poder Judicial del Estado de Oaxaca, as\u00ed como su incidental.<\/p>\n\n\n\n<p>Otro es el 575\/2020, por probables actos de la Fiscal\u00eda Especializada en Materia de Combate a la Corrupci\u00f3n del Estado de Oaxaca, de fecha 30 de octubre de este a\u00f1o.<\/p>\n\n\n\n<p>Un tercero es el 700\/2020, de fecha 30 de octubre, tambi\u00e9n contra actos del Juez de Control de Cuicatl\u00e1n.<\/p>\n\n\n\n<p>&nbsp;\u201c\u2026se concede la suspensi\u00f3n provisional para el efecto de que se mantengan las cosas en el estado que actualmente guardan y el quejoso *******, no sea privado de su libertad con motivo de la orden de aprehensi\u00f3n y\/o presentaci\u00f3n y\/o detenci\u00f3n reclamada.<\/p>\n\n\n\n<p>\u201cEsta medida cautelar surte sus efectos desde este momento, hasta que se dicte la suspensi\u00f3n definitiva; pero ser\u00e1 revocada en su momento, conforme a los art\u00edculos 166 p\u00e1rrafo \u00faltimo y 167 de la Ley de Amparo vigente, si no se cumplen los requisitos de eficacia siguientes\u2026\u201d, refieren los amparos.<\/p>\n\n\n\n<p>Al momento se desconocen las acusaciones en contra de Eduardo Mart\u00ednez Helmes y, de acuerdo con diversas fuentes, presuntamente desde la Fiscal\u00eda General del Estado, personal de confianza le habr\u00eda adelantado al ex rector de las \u00f3rdenes en su contra, a fin de tramitar sus amparos.<\/p>\n\n\n\n<p>Seg\u00fan las mismas fuentes, Mart\u00ednez Helmes hab\u00eda gestionado tambi\u00e9n con anterioridad que no se le llamara a comparecer como directa involucrada, a la s\u00edndico de San Pablo Huitzo, Martha Isabel H., por el crimen de un adolescente en mayo pasado, lo cual le permiti\u00f3 a la ex funcionaria municipal huir al extranjero.<\/p>\n","protected":false},"excerpt":{"rendered":"<p>Ismael Garc\u00eda M.\/Zona Roja. Oaxaca de Ju\u00e1rez, Oax., 6 de noviembre de 2020.- El ex&hellip;<\/p>\n","protected":false},"author":2,"featured_media":19744,"comment_status":"closed","ping_status":"open","sticky":false,"template":"","format":"standard","meta":{"_lmt_disableupdate":"","_lmt_disable":"","_jetpack_memberships_contains_paid_content":false,"footnotes":""},"categories":[109,47],"tags":[1347],"class_list":["post-19743","post","type-post","status-publish","format-standard","has-post-thumbnail","hentry","category-minuto-a-minuto","category-zona-gris","tag-eduardo-martinez-helmes"],"jetpack_featured_media_url":"https:\/\/zonaroja.com.mx\/wp-content\/uploads\/2020\/11\/Eduardo-Martinez-Helmes.jpg","jetpack_sharing_enabled":true,"_links":{"self":[{"href":"https:\/\/zonaroja.com.mx\/index.php?rest_route=\/wp\/v2\/posts\/19743","targetHints":{"allow":["GET"]}}],"collection":[{"href":"https:\/\/zonaroja.com.mx\/index.php?rest_route=\/wp\/v2\/posts"}],"about":[{"href":"https:\/\/zonaroja.com.mx\/index.php?rest_route=\/wp\/v2\/types\/post"}],"author":[{"embeddable":true,"href":"https:\/\/zonaroja.com.mx\/index.php?rest_route=\/wp\/v2\/users\/2"}],"replies":[{"embeddable":true,"href":"https:\/\/zonaroja.com.mx\/index.php?rest_route=%2Fwp%2Fv2%2Fcomments&post=19743"}],"version-history":[{"count":2,"href":"https:\/\/zonaroja.com.mx\/index.php?rest_route=\/wp\/v2\/posts\/19743\/revisions"}],"predecessor-version":[{"id":19746,"href":"https:\/\/zonaroja.com.mx\/index.php?rest_route=\/wp\/v2\/posts\/19743\/revisions\/19746"}],"wp:featuredmedia":[{"embeddable":true,"href":"https:\/\/zonaroja.com.mx\/index.php?rest_route=\/wp\/v2\/media\/19744"}],"wp:attachment":[{"href":"https:\/\/zonaroja.com.mx\/index.php?rest_route=%2Fwp%2Fv2%2Fmedia&parent=19743"}],"wp:term":[{"taxonomy":"category","embeddable":true,"href":"https:\/\/zonaroja.com.mx\/index.php?rest_route=%2Fwp%2Fv2%2Fcategories&post=19743"},{"taxonomy":"post_tag","embeddable":true,"href":"https:\/\/zonaroja.com.mx\/index.php?rest_route=%2Fwp%2Fv2%2Ftags&post=19743"}],"curies":[{"name":"wp","href":"https:\/\/api.w.org\/{rel}","templated":true}]}}