{"id":19756,"date":"2020-11-07T08:13:11","date_gmt":"2020-11-07T14:13:11","guid":{"rendered":"http:\/\/www.zonaroja.com.mx\/?p=19756"},"modified":"2020-11-07T08:13:14","modified_gmt":"2020-11-07T14:13:14","slug":"retienen-a-otra-presidenta-municipal-de-oaxaca-ahora-en-martires-de-tacubaya","status":"publish","type":"post","link":"https:\/\/zonaroja.com.mx\/?p=19756","title":{"rendered":"Retienen a otra presidenta municipal de Oaxaca, ahora en M\u00e1rtires de Tacubaya"},"content":{"rendered":"\n<p>Redacci\u00f3n\/Zona Roja. Foto: Especial VivoNoticias<\/p>\n\n\n\n<p>Oaxaca de Ju\u00e1rez, Oax., 7 de noviembre de 2020.- La presidenta municipal de M\u00e1rtires de Tacubaya, municipio de la regi\u00f3n Costa de Oaxaca, sigue retenida por m\u00e1s de 20 horas, confirmaron fuentes municipales.<\/p>\n\n\n\n<p>Martha Elva A\u00f1orve Garc\u00eda fue encerrada ayer desde aproximadamente las 14:00 horas en el palacio municipal, por pobladores de la comunidad de El Naranjo, quienes exigen el cumplimiento de una obra y la entrega de participaciones municipales.<\/p>\n\n\n\n<p>La alcaldesa militante del Partido Morena, pidi\u00f3 el apoyo de polic\u00edas estatales y la Guardia Nacional, sin embargo, no les fue permitido el acceso a los elementos.<\/p>\n\n\n\n<p>Hasta las primeras horas de este s\u00e1bado, continuaba encerrada la presidenta municipal, sin que ning\u00fan representante del Gobierno del Estado atendiera la situaci\u00f3n.<\/p>\n\n\n\n<p>Apenas hace una semana fue retenida, por segunda ocasi\u00f3n, la presidenta municipal de Tezoatl\u00e1n de Segura y Luna, Alexa Cisneros, sin que la Fiscal\u00eda General del Estado u otra instancia gubernamental haya informado acerca de la sanci\u00f3n contra sus captores.<\/p>\n\n\n\n<figure class=\"wp-block-image size-large\"><img decoding=\"async\" width=\"667\" height=\"295\" src=\"http:\/\/www.zonaroja.com.mx\/wp-content\/uploads\/2020\/11\/Martires-de-Tacubaya.jpg\" alt=\"\" class=\"wp-image-19758\" srcset=\"https:\/\/zonaroja.com.mx\/wp-content\/uploads\/2020\/11\/Martires-de-Tacubaya.jpg 667w, https:\/\/zonaroja.com.mx\/wp-content\/uploads\/2020\/11\/Martires-de-Tacubaya-300x133.jpg 300w, https:\/\/zonaroja.com.mx\/wp-content\/uploads\/2020\/11\/Martires-de-Tacubaya-585x259.jpg 585w\" sizes=\"(max-width: 667px) 100vw, 667px\" \/><\/figure>\n","protected":false},"excerpt":{"rendered":"<p>Redacci\u00f3n\/Zona Roja. Foto: Especial VivoNoticias Oaxaca de Ju\u00e1rez, Oax., 7 de noviembre de 2020.- La&hellip;<\/p>\n","protected":false},"author":2,"featured_media":19757,"comment_status":"closed","ping_status":"open","sticky":false,"template":"","format":"standard","meta":{"_lmt_disableupdate":"","_lmt_disable":"","_jetpack_memberships_contains_paid_content":false,"footnotes":""},"categories":[109,47],"tags":[2182,2181],"class_list":["post-19756","post","type-post","status-publish","format-standard","has-post-thumbnail","hentry","category-minuto-a-minuto","category-zona-gris","tag-marta-elva-anorve-garcia","tag-martires-de-tacubaya"],"jetpack_featured_media_url":"https:\/\/zonaroja.com.mx\/wp-content\/uploads\/2020\/11\/Presidenta-Marta-Alva-Martires-de-Tacubaya.jpeg","jetpack_sharing_enabled":true,"_links":{"self":[{"href":"https:\/\/zonaroja.com.mx\/index.php?rest_route=\/wp\/v2\/posts\/19756","targetHints":{"allow":["GET"]}}],"collection":[{"href":"https:\/\/zonaroja.com.mx\/index.php?rest_route=\/wp\/v2\/posts"}],"about":[{"href":"https:\/\/zonaroja.com.mx\/index.php?rest_route=\/wp\/v2\/types\/post"}],"author":[{"embeddable":true,"href":"https:\/\/zonaroja.com.mx\/index.php?rest_route=\/wp\/v2\/users\/2"}],"replies":[{"embeddable":true,"href":"https:\/\/zonaroja.com.mx\/index.php?rest_route=%2Fwp%2Fv2%2Fcomments&post=19756"}],"version-history":[{"count":1,"href":"https:\/\/zonaroja.com.mx\/index.php?rest_route=\/wp\/v2\/posts\/19756\/revisions"}],"predecessor-version":[{"id":19759,"href":"https:\/\/zonaroja.com.mx\/index.php?rest_route=\/wp\/v2\/posts\/19756\/revisions\/19759"}],"wp:featuredmedia":[{"embeddable":true,"href":"https:\/\/zonaroja.com.mx\/index.php?rest_route=\/wp\/v2\/media\/19757"}],"wp:attachment":[{"href":"https:\/\/zonaroja.com.mx\/index.php?rest_route=%2Fwp%2Fv2%2Fmedia&parent=19756"}],"wp:term":[{"taxonomy":"category","embeddable":true,"href":"https:\/\/zonaroja.com.mx\/index.php?rest_route=%2Fwp%2Fv2%2Fcategories&post=19756"},{"taxonomy":"post_tag","embeddable":true,"href":"https:\/\/zonaroja.com.mx\/index.php?rest_route=%2Fwp%2Fv2%2Ftags&post=19756"}],"curies":[{"name":"wp","href":"https:\/\/api.w.org\/{rel}","templated":true}]}}