{"id":19760,"date":"2020-11-07T08:27:15","date_gmt":"2020-11-07T14:27:15","guid":{"rendered":"http:\/\/www.zonaroja.com.mx\/?p=19760"},"modified":"2020-11-07T08:27:18","modified_gmt":"2020-11-07T14:27:18","slug":"ejecutan-a-abogado-en-zanatepec-hallan-cabeza-humana-en-tehuantepec","status":"publish","type":"post","link":"https:\/\/zonaroja.com.mx\/?p=19760","title":{"rendered":"Ejecutan a abogado en Zanatepec; hallan cabeza humana en Tehuantepec"},"content":{"rendered":"\n<p>Redacci\u00f3n\/Zona Roja.<\/p>\n\n\n\n<p>Oaxaca de Ju\u00e1rez, Oax., 7 de noviembre de 2020.- Una persona de profesi\u00f3n abogado fue ejecutada anoche en el municipio de Santo Domingo Zanatepec, al oriente de la regi\u00f3n del Istmo de Tehuantepec, Oaxaca.<\/p>\n\n\n\n<p>La v\u00edctima fue identificada como Darwin Castillo, quien presenta al menos cuatro disparos de arma de fuego en el cuerpo; fue ultimado en el interior de un bar, en la calle Emiliano Zapata de la colonia Las Granadas.<\/p>\n\n\n\n<p>El hoy occiso era originario de San Pedro Tapanatepec y hasta el momento se desconoce la identidad de sus agresores.<\/p>\n\n\n\n<p>Mientras tanto, ayer a un costado del reclusorio ubicado en Santo Domingo Tehuantepec, cerca de la carretera Internacional 190, fue hallada una cabeza humana en el interior de un bote de pintura, con un presunto \u201cnarcomensaje\u201d.<\/p>\n\n\n\n<p>Personal de la Vicefiscal\u00eda Regional del Istmo acudi\u00f3 a recoger los restos humanos, para iniciar las indagatorias periciales correspondientes.<\/p>\n\n\n\n<p>En tanto, al mediod\u00eda de este viernes, fueron presuntamente secuestradas tres personas, miembros de una misma familia, en la calle Las Palmas de la agencia El Porvenir, de Santo Juan Bautista Tuxtepec.<\/p>\n\n\n\n<p>De manera preliminar se inform\u00f3 que se trata del padre D\u00e1maso C.P., la madre Juana C.E. y el hijo Valent\u00edn C. E., de 27 a\u00f1os de edad.<\/p>\n\n\n\n<p>Presuntamente fueron individuos armados que llegaron a bordo de varias camionetas; al momento no hay pistas de los probables plagiarios.<\/p>\n","protected":false},"excerpt":{"rendered":"<p>Redacci\u00f3n\/Zona Roja. Oaxaca de Ju\u00e1rez, Oax., 7 de noviembre de 2020.- Una persona de profesi\u00f3n&hellip;<\/p>\n","protected":false},"author":2,"featured_media":7486,"comment_status":"closed","ping_status":"open","sticky":false,"template":"","format":"standard","meta":{"_lmt_disableupdate":"","_lmt_disable":"","_jetpack_memberships_contains_paid_content":false,"footnotes":""},"categories":[109,51],"tags":[809],"class_list":["post-19760","post","type-post","status-publish","format-standard","has-post-thumbnail","hentry","category-minuto-a-minuto","category-zona-roja","tag-santo-domingo-zanatepec"],"jetpack_featured_media_url":"https:\/\/zonaroja.com.mx\/wp-content\/uploads\/2020\/01\/Escena-del-crimen7.jpg","jetpack_sharing_enabled":true,"_links":{"self":[{"href":"https:\/\/zonaroja.com.mx\/index.php?rest_route=\/wp\/v2\/posts\/19760","targetHints":{"allow":["GET"]}}],"collection":[{"href":"https:\/\/zonaroja.com.mx\/index.php?rest_route=\/wp\/v2\/posts"}],"about":[{"href":"https:\/\/zonaroja.com.mx\/index.php?rest_route=\/wp\/v2\/types\/post"}],"author":[{"embeddable":true,"href":"https:\/\/zonaroja.com.mx\/index.php?rest_route=\/wp\/v2\/users\/2"}],"replies":[{"embeddable":true,"href":"https:\/\/zonaroja.com.mx\/index.php?rest_route=%2Fwp%2Fv2%2Fcomments&post=19760"}],"version-history":[{"count":1,"href":"https:\/\/zonaroja.com.mx\/index.php?rest_route=\/wp\/v2\/posts\/19760\/revisions"}],"predecessor-version":[{"id":19761,"href":"https:\/\/zonaroja.com.mx\/index.php?rest_route=\/wp\/v2\/posts\/19760\/revisions\/19761"}],"wp:featuredmedia":[{"embeddable":true,"href":"https:\/\/zonaroja.com.mx\/index.php?rest_route=\/wp\/v2\/media\/7486"}],"wp:attachment":[{"href":"https:\/\/zonaroja.com.mx\/index.php?rest_route=%2Fwp%2Fv2%2Fmedia&parent=19760"}],"wp:term":[{"taxonomy":"category","embeddable":true,"href":"https:\/\/zonaroja.com.mx\/index.php?rest_route=%2Fwp%2Fv2%2Fcategories&post=19760"},{"taxonomy":"post_tag","embeddable":true,"href":"https:\/\/zonaroja.com.mx\/index.php?rest_route=%2Fwp%2Fv2%2Ftags&post=19760"}],"curies":[{"name":"wp","href":"https:\/\/api.w.org\/{rel}","templated":true}]}}