{"id":19766,"date":"2020-11-07T14:38:14","date_gmt":"2020-11-07T20:38:14","guid":{"rendered":"http:\/\/www.zonaroja.com.mx\/?p=19766"},"modified":"2020-11-07T14:38:18","modified_gmt":"2020-11-07T20:38:18","slug":"reportera-de-oaxaca-presenta-denuncia-ante-amenazas-de-muerte","status":"publish","type":"post","link":"https:\/\/zonaroja.com.mx\/?p=19766","title":{"rendered":"Reportera de Oaxaca presenta denuncia ante amenazas de muerte"},"content":{"rendered":"\n<p>Redacci\u00f3n\/\u201dEl Pi\u00f1ero\u201d<\/p>\n\n\n\n<p>Oaxaca de Ju\u00e1rez, Oax., 7 de noviembre de 2020.- La periodista y corresponsal de \u201cEl Pi\u00f1ero, Periodismo y Debate\u201d en la regi\u00f3n de Valles Centrales, Citlali Granados Cid, fue amenazada por mototaxistas del sitio \u201cUn paso a la democracia\u201d, cuando cubr\u00eda la ejecuci\u00f3n de un var\u00f3n en el municipio de Oaxaca de Ju\u00e1rez; ante ello, ayer mismo present\u00f3 la denuncia y queja correspondientes.<\/p>\n\n\n\n<p>El acto de intimidaci\u00f3n se registr\u00f3 durante la noche del jueves, cuando la reportera se encontraba cubriendo con transmisi\u00f3n en vivo la ejecuci\u00f3n de un mototaxista en la colonia Miguel Alem\u00e1n de la capital.<\/p>\n\n\n\n<p>En ese momento, mototaxistas amenazaron a la periodista cuando realizaba su labor informativa; ante este hecho, Citlali Granados Cid, acudi\u00f3 ante la Fiscal\u00eda General del Estado de Oaxaca, present\u00f3 formal denuncia y se integr\u00f3 la carpeta de investigaci\u00f3n n\u00famero 34425\/CODDI\/OAXACA\/2020.<\/p>\n\n\n\n<p>La periodista tambi\u00e9n present\u00f3 una queja ante la Defensor\u00eda de los Derechos Humanos del Pueblo de Oaxaca (DDHPO).<\/p>\n\n\n\n<p>Busca se garantice el principio 9 de la Declaraci\u00f3n de Principios sobre Libertad de Expresi\u00f3n de la Comisi\u00f3n Interamericana de Derechos Humanos, que establece que el asesinato, secuestro, intimidaci\u00f3n, amenaza a los comunicadores sociales, as\u00ed como la destrucci\u00f3n material de los medios de comunicaci\u00f3n, viola los derechos fundamentales de las personas y coarta severamente la libertad de expresi\u00f3n.<\/p>\n\n\n\n<p>Por lo que es deber de los Estados prevenir e investigar estos hechos, sancionar a sus autores y asegurar a las v\u00edctimas una reparaci\u00f3n del da\u00f1o adecuada.<\/p>\n","protected":false},"excerpt":{"rendered":"<p>Redacci\u00f3n\/\u201dEl Pi\u00f1ero\u201d Oaxaca de Ju\u00e1rez, Oax., 7 de noviembre de 2020.- La periodista y corresponsal&hellip;<\/p>\n","protected":false},"author":2,"featured_media":19767,"comment_status":"closed","ping_status":"open","sticky":false,"template":"","format":"standard","meta":{"_lmt_disableupdate":"","_lmt_disable":"","_jetpack_memberships_contains_paid_content":false,"footnotes":""},"categories":[109,47],"tags":[2183],"class_list":["post-19766","post","type-post","status-publish","format-standard","has-post-thumbnail","hentry","category-minuto-a-minuto","category-zona-gris","tag-citlali-granados-cid"],"jetpack_featured_media_url":"https:\/\/zonaroja.com.mx\/wp-content\/uploads\/2020\/11\/Citlalli-Granados-Cid-DDHPO.jpg","jetpack_sharing_enabled":true,"_links":{"self":[{"href":"https:\/\/zonaroja.com.mx\/index.php?rest_route=\/wp\/v2\/posts\/19766","targetHints":{"allow":["GET"]}}],"collection":[{"href":"https:\/\/zonaroja.com.mx\/index.php?rest_route=\/wp\/v2\/posts"}],"about":[{"href":"https:\/\/zonaroja.com.mx\/index.php?rest_route=\/wp\/v2\/types\/post"}],"author":[{"embeddable":true,"href":"https:\/\/zonaroja.com.mx\/index.php?rest_route=\/wp\/v2\/users\/2"}],"replies":[{"embeddable":true,"href":"https:\/\/zonaroja.com.mx\/index.php?rest_route=%2Fwp%2Fv2%2Fcomments&post=19766"}],"version-history":[{"count":1,"href":"https:\/\/zonaroja.com.mx\/index.php?rest_route=\/wp\/v2\/posts\/19766\/revisions"}],"predecessor-version":[{"id":19768,"href":"https:\/\/zonaroja.com.mx\/index.php?rest_route=\/wp\/v2\/posts\/19766\/revisions\/19768"}],"wp:featuredmedia":[{"embeddable":true,"href":"https:\/\/zonaroja.com.mx\/index.php?rest_route=\/wp\/v2\/media\/19767"}],"wp:attachment":[{"href":"https:\/\/zonaroja.com.mx\/index.php?rest_route=%2Fwp%2Fv2%2Fmedia&parent=19766"}],"wp:term":[{"taxonomy":"category","embeddable":true,"href":"https:\/\/zonaroja.com.mx\/index.php?rest_route=%2Fwp%2Fv2%2Fcategories&post=19766"},{"taxonomy":"post_tag","embeddable":true,"href":"https:\/\/zonaroja.com.mx\/index.php?rest_route=%2Fwp%2Fv2%2Ftags&post=19766"}],"curies":[{"name":"wp","href":"https:\/\/api.w.org\/{rel}","templated":true}]}}