{"id":19769,"date":"2020-11-07T14:50:21","date_gmt":"2020-11-07T20:50:21","guid":{"rendered":"http:\/\/www.zonaroja.com.mx\/?p=19769"},"modified":"2020-11-07T14:50:24","modified_gmt":"2020-11-07T20:50:24","slug":"renuncia-presidente-de-san-baltazar-loxicha-ante-presion-de-comunidad","status":"publish","type":"post","link":"https:\/\/zonaroja.com.mx\/?p=19769","title":{"rendered":"Renuncia presidente de San Baltazar Loxicha ante presi\u00f3n de comunidad"},"content":{"rendered":"\n<p>Yuridiana Sosa\/Zona Roja.<\/p>\n\n\n\n<p>Oaxaca de Ju\u00e1rez, Oax.,7 de noviembre de 2020.- El presidente municipal de San Baltazar Loxicha, Aten\u00f3genes Jim\u00e9nez Mart\u00ednez, present\u00f3 hoy su renuncia al cargo, tras ser se\u00f1alado como el presunto responsable del asesinato de un ind\u00edgena, adem\u00e1s de ser desconocido por los habitantes como autoridad.<\/p>\n\n\n\n<p>A trav\u00e9s de su cuenta de Twitter, el dirigente social Flavio Sosa, dio a conocer la noticia este s\u00e1bado. \u201cNos informa el titular de Segego, Francisco Javier Garc\u00eda L\u00f3pez, que el presidente municipal de San Baltazar Loxicha, Aten\u00f3genes Jim\u00e9nez Mart\u00ednez, ha renunciado al cargo, por el bien de la paz y la gobernabilidad\u201d.<\/p>\n\n\n\n<p>Ayer viernes 6 de noviembre, la comunidad de San Baltazar instal\u00f3 una asamblea permanente para exigir al Gobierno del Estado reconozca a las autoridades comunitarias, ante el desconocimiento de Jim\u00e9nez Mart\u00ednez por diversas irregularidades y v\u00ednculos con el PRI, a pesar que el municipio se rige por Sistemas Normativos Interno.<\/p>\n\n\n\n<p>As\u00ed como justicia por el asesinato de Rodolfo D\u00edaz Jim\u00e9nez, tambi\u00e9n l\u00edder social en la comunidad, y desaparici\u00f3n de dos pobladores, Reynaldo Bautista Bautista y Eutiquio Bautista Pacheco, no localizados desde el d\u00eda del ataque.<\/p>\n\n\n\n<p>Aunque desde hace varios meses exist\u00eda tensi\u00f3n en la comunidad por el rechazo al gobierno de Jim\u00e9nez Mart\u00ednez, la inconformidad increment\u00f3 ante el homicidio doloso perpetrado el pasado 2 de noviembre.<\/p>\n\n\n\n<p>Los habitantes se\u00f1alaron que el asesinato fue presuntamente ordenado por el edil, por lo que la poblaci\u00f3n tambi\u00e9n exige justicia por estos hechos.<\/p>\n\n\n\n<p>La Secretar\u00eda General de Gobierno intervino en el problema pol\u00edtico y social tras los lamentables resultados, a pesar que la comunidad ya hab\u00eda advertido de posibles actos de violencia.<\/p>\n","protected":false},"excerpt":{"rendered":"<p>Yuridiana Sosa\/Zona Roja. Oaxaca de Ju\u00e1rez, Oax.,7 de noviembre de 2020.- El presidente municipal de&hellip;<\/p>\n","protected":false},"author":2,"featured_media":19770,"comment_status":"closed","ping_status":"open","sticky":false,"template":"","format":"standard","meta":{"_lmt_disableupdate":"","_lmt_disable":"","_jetpack_memberships_contains_paid_content":false,"footnotes":""},"categories":[109,47],"tags":[2178,1227],"class_list":["post-19769","post","type-post","status-publish","format-standard","has-post-thumbnail","hentry","category-minuto-a-minuto","category-zona-gris","tag-rodolfo-diaz-jimenez","tag-san-baltazar-loxicha"],"jetpack_featured_media_url":"https:\/\/zonaroja.com.mx\/wp-content\/uploads\/2020\/11\/San-Baltazar-Loxicha2.png","jetpack_sharing_enabled":true,"_links":{"self":[{"href":"https:\/\/zonaroja.com.mx\/index.php?rest_route=\/wp\/v2\/posts\/19769","targetHints":{"allow":["GET"]}}],"collection":[{"href":"https:\/\/zonaroja.com.mx\/index.php?rest_route=\/wp\/v2\/posts"}],"about":[{"href":"https:\/\/zonaroja.com.mx\/index.php?rest_route=\/wp\/v2\/types\/post"}],"author":[{"embeddable":true,"href":"https:\/\/zonaroja.com.mx\/index.php?rest_route=\/wp\/v2\/users\/2"}],"replies":[{"embeddable":true,"href":"https:\/\/zonaroja.com.mx\/index.php?rest_route=%2Fwp%2Fv2%2Fcomments&post=19769"}],"version-history":[{"count":1,"href":"https:\/\/zonaroja.com.mx\/index.php?rest_route=\/wp\/v2\/posts\/19769\/revisions"}],"predecessor-version":[{"id":19771,"href":"https:\/\/zonaroja.com.mx\/index.php?rest_route=\/wp\/v2\/posts\/19769\/revisions\/19771"}],"wp:featuredmedia":[{"embeddable":true,"href":"https:\/\/zonaroja.com.mx\/index.php?rest_route=\/wp\/v2\/media\/19770"}],"wp:attachment":[{"href":"https:\/\/zonaroja.com.mx\/index.php?rest_route=%2Fwp%2Fv2%2Fmedia&parent=19769"}],"wp:term":[{"taxonomy":"category","embeddable":true,"href":"https:\/\/zonaroja.com.mx\/index.php?rest_route=%2Fwp%2Fv2%2Fcategories&post=19769"},{"taxonomy":"post_tag","embeddable":true,"href":"https:\/\/zonaroja.com.mx\/index.php?rest_route=%2Fwp%2Fv2%2Ftags&post=19769"}],"curies":[{"name":"wp","href":"https:\/\/api.w.org\/{rel}","templated":true}]}}