{"id":1977,"date":"2019-07-02T13:12:30","date_gmt":"2019-07-02T18:12:30","guid":{"rendered":"https:\/\/www.zonaroja.com.mx\/?p=1977"},"modified":"2019-07-02T17:45:14","modified_gmt":"2019-07-02T22:45:14","slug":"policias-de-la-capital-obligan-a-edil-garcia-jarquin-a-pagarles-bonos-atrasados-redaccion","status":"publish","type":"post","link":"https:\/\/zonaroja.com.mx\/?p=1977","title":{"rendered":"Polic\u00edas de la capital obligan a edil Garc\u00eda Jarqu\u00edn a pagarles bonos atrasados Redacci\u00f3n"},"content":{"rendered":"<p><img decoding=\"async\" src=\"https:\/\/www.zonaroja.com.mx\/wp-content\/uploads\/2019\/07\/img_5103.jpg\" class=\"size-full wp-image-1976\" width=\"4032\" height=\"3024\" srcset=\"https:\/\/zonaroja.com.mx\/wp-content\/uploads\/2019\/07\/img_5103.jpg 4032w, https:\/\/zonaroja.com.mx\/wp-content\/uploads\/2019\/07\/img_5103-300x225.jpg 300w, https:\/\/zonaroja.com.mx\/wp-content\/uploads\/2019\/07\/img_5103-768x576.jpg 768w, https:\/\/zonaroja.com.mx\/wp-content\/uploads\/2019\/07\/img_5103-1024x768.jpg 1024w, https:\/\/zonaroja.com.mx\/wp-content\/uploads\/2019\/07\/img_5103-1170x878.jpg 1170w, https:\/\/zonaroja.com.mx\/wp-content\/uploads\/2019\/07\/img_5103-1920x1440.jpg 1920w, https:\/\/zonaroja.com.mx\/wp-content\/uploads\/2019\/07\/img_5103-585x439.jpg 585w\" sizes=\"(max-width: 4032px) 100vw, 4032px\" \/><\/p>\n<p style=\"font-family: UICTFontTextStyleBody;font-size: 17px;font-style: normal;font-weight: normal;letter-spacing: normal;text-align: start;text-indent: 0px;text-transform: none;text-decoration: none;margin: 0cm 0cm 0.0001pt\"><span lang=\"ES\"><br \/>\nOaxaca de Ju\u00e1rez, Oax., 2 de julio de 2019.&nbsp;<\/span><span>Elementos de la Polic\u00eda Municipal de Oaxaca de Ju\u00e1rez obligaron al edil Oswaldo Garc\u00eda Jarqu\u00edn a cubrirles adeudos y a dotarlos de equipos de trabajo&nbsp;<\/span><\/p>\n<p style=\"font-family: UICTFontTextStyleBody;font-size: 17px;font-style: normal;font-weight: normal;letter-spacing: normal;text-align: start;text-indent: 0px;text-transform: none;text-decoration: none;margin: 0cm 0cm 0.0001pt\"><span>Los uniformados iniciaron esta ma\u00f1ana una manifestaci\u00f3n en la Plaza de la Danza para exigir la aplicaci\u00f3n del recurso que la Federaci\u00f3n asigna a trav\u00e9s del<\/span><span>&nbsp;<\/span><a href=\"https:\/\/www.gob.mx\/sesnsp\/acciones-y-programas\/programa-de-fortalecimiento-para-la-seguridad-fortaseg\">Programa de Fortalecimiento para la Seguridad (Fortaseg), que para este a\u00f1o destin\u00f3 a la capital un monto de 28 millones de pesos.<\/a><\/p>\n<p style=\"font-family: UICTFontTextStyleBody;font-size: 17px;font-style: normal;font-weight: normal;letter-spacing: normal;text-align: start;text-indent: 0px;text-transform: none;text-decoration: none;margin: 0cm 0cm 0.0001pt\"><span lang=\"ES\">De acuerdo con la parte inconforme, es fundamental conocer en que se ha aplicado el recurso, ya que recientemente les informaron que no pueden otorgarle un bono retroactivo al aumento salarial debido a que \u201cno les alcanz\u00f3\u201d.<\/span><\/p>\n<p style=\"font-family: UICTFontTextStyleBody;font-size: 17px;font-style: normal;font-weight: normal;letter-spacing: normal;text-align: start;text-indent: 0px;text-transform: none;text-decoration: none;margin: 0cm 0cm 0.0001pt\"><span lang=\"ES\">Sin embargo, trascendi\u00f3 el pago millonario de equipamiento y uniformes por m\u00e1s de 16 millones de pesos, el cual criticaron toda vez que en a\u00f1os anteriores se han inflado las cantidades para despu\u00e9s otorgar prendas de muy baja calidad , raz\u00f3n por la que exigieron que se d\u00e9 a conocer de forma p\u00fablica la asignaci\u00f3n del presupuesto, los proveedores y el material que utilizaran.<\/span><\/p>\n<p style=\"font-family: UICTFontTextStyleBody;font-size: 17px;font-style: normal;font-weight: normal;letter-spacing: normal;text-align: start;text-indent: 0px;text-transform: none;text-decoration: none;margin: 0cm 0cm 0.0001pt\"><span lang=\"ES\">\u201cNo nos dejemos enga\u00f1ar, que llegue el equipamiento apegado a los montos autorizados por la Federaci\u00f3n y no nos roben nada\u201d refiri\u00f3 la base trabajadora a trav\u00e9s de mensajes que se han difundido mediante los tel\u00e9fonos celulares.<\/span><\/p>\n<p style=\"font-family: UICTFontTextStyleBody;font-size: 17px;font-style: normal;font-weight: normal;letter-spacing: normal;text-align: start;text-indent: 0px;text-transform: none;text-decoration: none;margin: 0cm 0cm 0.0001pt\"><span lang=\"ES\">Durante su protesta y primer acercamiento con las autoridades cuestionaron que a la fecha no se cuente con patrullas y el material que se necesita para que los m\u00e1s de mil elementos brinden un mejor servicio a la sociedad.&nbsp;<\/span><\/p>\n<p style=\"font-family: UICTFontTextStyleBody;font-size: 17px;font-style: normal;font-weight: normal;letter-spacing: normal;text-align: start;text-indent: 0px;text-transform: none;text-decoration: none;margin: 0cm 0cm 0.0001pt\"><span lang=\"ES\">Ello ese a iniciar el s\u00e9ptimo mes de administraci\u00f3n, que coincide con el inicio de las festividades de la Guelaguetza y donde se requiere de mayor atenci\u00f3n por parte de las fuerzas de seguridad.<\/span><\/p>\n<p style=\"font-family: UICTFontTextStyleBody;font-size: 17px;font-style: normal;font-weight: normal;letter-spacing: normal;text-align: start;text-indent: 0px;text-transform: none;text-decoration: none;margin: 0cm 0cm 0.0001pt\"><span lang=\"ES\">Conforme a las \u00faltimas notas difundidas a trav\u00e9s de este medio informativo la violencia en la capital va en aumento, incluso se han registrado ejecuciones en las inmediaciones del Centro Hist\u00f3rico que porta la distinci\u00f3n de Patrimonio Mundial de la Humanidad.&nbsp;<\/span><\/p>\n<div style=\"font-family: UICTFontTextStyleBody;font-size: 17px;font-style: normal;font-weight: normal;letter-spacing: normal;text-align: start;text-indent: 0px;text-transform: none;text-decoration: none\"><span lang=\"ES\" style=\"font-family: Arial\">Despu\u00e9s del mediod\u00eda el edil Garc\u00eda Jarqu\u00edn atendi\u00f3 a los inconformes y escuch\u00f3 sus quejas, para luego comprometerse a cubrir los adeudos a m\u00e1s tardar la pr\u00f3xima quincena.&nbsp;<\/span><\/div>\n","protected":false},"excerpt":{"rendered":"<p>Oaxaca de Ju\u00e1rez, Oax., 2 de julio de 2019.&nbsp;Elementos de la Polic\u00eda Municipal de Oaxaca&hellip;<\/p>\n","protected":false},"author":2,"featured_media":1981,"comment_status":"closed","ping_status":"open","sticky":false,"template":"","format":"standard","meta":{"_lmt_disableupdate":"","_lmt_disable":"","_jetpack_memberships_contains_paid_content":false,"footnotes":""},"categories":[109,1,51],"tags":[58,115,288],"class_list":["post-1977","post","type-post","status-publish","format-standard","has-post-thumbnail","hentry","category-minuto-a-minuto","category-sin-categoria","category-zona-roja","tag-oaxaca","tag-oswaldo-garcia-jarquin","tag-paro-de-policias-municipales"],"jetpack_featured_media_url":"https:\/\/zonaroja.com.mx\/wp-content\/uploads\/2019\/07\/IMG_5131.jpg","jetpack_sharing_enabled":true,"_links":{"self":[{"href":"https:\/\/zonaroja.com.mx\/index.php?rest_route=\/wp\/v2\/posts\/1977","targetHints":{"allow":["GET"]}}],"collection":[{"href":"https:\/\/zonaroja.com.mx\/index.php?rest_route=\/wp\/v2\/posts"}],"about":[{"href":"https:\/\/zonaroja.com.mx\/index.php?rest_route=\/wp\/v2\/types\/post"}],"author":[{"embeddable":true,"href":"https:\/\/zonaroja.com.mx\/index.php?rest_route=\/wp\/v2\/users\/2"}],"replies":[{"embeddable":true,"href":"https:\/\/zonaroja.com.mx\/index.php?rest_route=%2Fwp%2Fv2%2Fcomments&post=1977"}],"version-history":[{"count":2,"href":"https:\/\/zonaroja.com.mx\/index.php?rest_route=\/wp\/v2\/posts\/1977\/revisions"}],"predecessor-version":[{"id":1982,"href":"https:\/\/zonaroja.com.mx\/index.php?rest_route=\/wp\/v2\/posts\/1977\/revisions\/1982"}],"wp:featuredmedia":[{"embeddable":true,"href":"https:\/\/zonaroja.com.mx\/index.php?rest_route=\/wp\/v2\/media\/1981"}],"wp:attachment":[{"href":"https:\/\/zonaroja.com.mx\/index.php?rest_route=%2Fwp%2Fv2%2Fmedia&parent=1977"}],"wp:term":[{"taxonomy":"category","embeddable":true,"href":"https:\/\/zonaroja.com.mx\/index.php?rest_route=%2Fwp%2Fv2%2Fcategories&post=1977"},{"taxonomy":"post_tag","embeddable":true,"href":"https:\/\/zonaroja.com.mx\/index.php?rest_route=%2Fwp%2Fv2%2Ftags&post=1977"}],"curies":[{"name":"wp","href":"https:\/\/api.w.org\/{rel}","templated":true}]}}