{"id":19772,"date":"2020-11-07T15:28:39","date_gmt":"2020-11-07T21:28:39","guid":{"rendered":"http:\/\/www.zonaroja.com.mx\/?p=19772"},"modified":"2020-11-07T15:58:49","modified_gmt":"2020-11-07T21:58:49","slug":"agrede-policias-de-oswaldo-garcia-a-jovenes-feministas-que-hacia-trueque","status":"publish","type":"post","link":"https:\/\/zonaroja.com.mx\/?p=19772","title":{"rendered":"Agreden polic\u00edas de Oswaldo Garc\u00eda a j\u00f3venes feministas que hac\u00edan trueque"},"content":{"rendered":"\n<p>Evlin Arag\u00f3n\/Zona Roja.<\/p>\n\n\n\n<p>Oaxaca de Ju\u00e1rez, Oax., 7 de noviembre de 2020.- Con excesivo n\u00famero de elementos policiacos e inspectores, autoridades del municipio de Oaxaca de Ju\u00e1rez agredieron a un grupo de mujeres y feministas que hab\u00edan instalado un tianguis de trueque a espaldas de la Casa de Cultura Oaxaque\u00f1a, sobre la calle de Santos Degollado, en el Centro Hist\u00f3rico.&nbsp;&nbsp;<\/p>\n\n\n\n<p>Ante la resistencia por parte de las mujeres, en su mayor\u00eda j\u00f3venes, de retirarse del lugar dado que no estaban cometiendo ning\u00fan delito, el n\u00famero de los elementos de la polic\u00eda creci\u00f3 hasta convertirse en decenas, quienes iniciaron la confrontaci\u00f3n de acuerdo con los testimonios.&nbsp;<\/p>\n\n\n\n<p>&#8211;Queremos saber, \u00bfcu\u00e1l es el delito que estamos cometiendo?<\/p>\n\n\n\n<p>&#8211;Ya se les pidi\u00f3 de la manera m\u00e1s atenta que aqu\u00ed no pueden establecerse<\/p>\n\n\n\n<p>&#8211;No estamos vendiendo se\u00f1ores. Esto es una manifestaci\u00f3n pol\u00edtica.<\/p>\n\n\n\n<p>Las j\u00f3venes argumentaron que no se trata de un grupo de narcotraficantes o delincuentes que amerite la excesiva presencia y actuar de los polic\u00edas.<\/p>\n\n\n\n<p>Por el contrario, se autonombraron truequeras, que ante la crisis econ\u00f3mica que vive la entidad y la falta de apoyo por parte de las autoridades, han salido a las calles a intercambiar productos para sobrevivir.&nbsp;&nbsp;<\/p>\n\n\n\n<p>Pese a ello la polic\u00eda, sin ning\u00fan tipo de protocolo que garantice los derechos humanos, se acerc\u00f3 para arrebatar los productos e inici\u00f3 la confrontaci\u00f3n con las y los j\u00f3venes que se dieron cita en el lugar y quienes ped\u00edan que los elementos de seguridad guardar\u00e1n la sana distancia en medio de la pandemia.&nbsp;<\/p>\n\n\n\n<p>\u201c\u00a1No tienes por qu\u00e9 tocarnos! \u00a1Est\u00e1n golpeando a las compa\u00f1eras! \u00a1Que les pasa, nosotras no estamos haciendo nada malo! \u00a1No mames me echaron gas en los ojos! \u00a1Mis ojos!\u201d, se escucha en la transmisi\u00f3n en vivo que realizaron integrantes del Tianguis Autogestivo y Disidente, que desde hace tres semanas se instalan en el lugar.&nbsp;<\/p>\n\n\n\n<figure class=\"wp-block-embed-twitter wp-block-embed is-type-rich is-provider-twitter\"><div class=\"wp-block-embed__wrapper\">\n<div class=\"twitter-tweet\"><blockquote class=\"twitter-tweet\" data-lang=\"es\"><p lang=\"es\" dir=\"ltr\"><a href=\"https:\/\/twitter.com\/hashtag\/%C3%9AltimoMinuto?src=hash&amp;ref_src=twsrc%5Etfw\">#\u00daltimoMinuto<\/a><br>El edil morenista de <a href=\"https:\/\/twitter.com\/MunicipioOaxaca?ref_src=twsrc%5Etfw\">@MunicipioOaxaca<\/a>, <a href=\"https:\/\/twitter.com\/oswaldogarciaj?ref_src=twsrc%5Etfw\">@oswaldogarciaj<\/a>, le echa los polic\u00edas a feministas que montaron un tianguis alternativo en la calle Santos Degollados, detr\u00e1s de la sede de la <a href=\"https:\/\/twitter.com\/CCO_GobOax?ref_src=twsrc%5Etfw\">@CCO_GobOax<\/a>; denuncian que les rociaron gases lacrim\u00f3genos y las golpearon. <a href=\"https:\/\/t.co\/Fsgx2ENmDy\">pic.twitter.com\/Fsgx2ENmDy<\/a><\/p>&mdash; Zona Roja Oaxaca (@MexRoja) <a href=\"https:\/\/twitter.com\/MexRoja\/status\/1325165574117158914?ref_src=twsrc%5Etfw\">7 de noviembre de 2020<\/a><\/blockquote><\/div>\n<\/div><\/figure>\n\n\n\n<p>La agresi\u00f3n verbal, los empujones, el uso de gas lacrim\u00f3geno e incluso la persecuci\u00f3n de elementos de seguridad hacia las j\u00f3venes y el intento de quitarles sus productos, mucho de los cuales destruyeron, qued\u00f3 registrada en los videos que se transmit\u00edan en vivo desde el lugar de los hechos.&nbsp;<\/p>\n\n\n\n<p>&#8211;T\u00fa vienes aqu\u00ed muy ching\u00f3n porque soy mujer.&nbsp;<\/p>\n\n\n\n<p>&#8211;Les dijimos de buena manera que se retiraran.<\/p>\n\n\n\n<p>&#8211;No ten\u00edan por qu\u00e9 agredir.&nbsp;<\/p>\n\n\n\n<p>&#8211;\u00a1Ret\u00edrate!<\/p>\n\n\n\n<p>&#8211;Ya te dije que estoy esperando a que venga el coche por m\u00ed.<\/p>\n\n\n\n<p>A trav\u00e9s de sus redes sociales, las feministas pidieron el apoyo de una m\u00e9dico para certificar las agresiones, as\u00ed como el respaldo de una abogada para interponer la denuncia en contra de los elementos de la polic\u00eda que, abusando de su poder, las golpearon y robaron sus productos.&nbsp;<\/p>\n\n\n\n<p>\u201cNo a la criminalizaci\u00f3n @MunicipiodeOaxaca. Si no aseguran trabajos dignos y decentes, no criminalicen las resistencias aut\u00f3nomas y autogestivas\u201d, reclamaron a trav\u00e9s de la p\u00e1gina de Facebook Cultivando Comunicaci\u00f3n.<\/p>\n\n\n\n<p>El tianguis llevaba tres semanas realiz\u00e1ndose en el mismo lugar y de acuerdo con las j\u00f3venes, s\u00f3lo se trataba de un intercambio de prendas y productos que les permite afrontar la crisis econ\u00f3mica de la que toda la poblaci\u00f3n es v\u00edctima debido a la mala actuaci\u00f3n de las autoridades municipales, estatales y federales ante la contingencia sanitaria.<\/p>\n\n\n\n<p>Debido a la agresi\u00f3n, las j\u00f3venes bloquearon las calles de Color y Ray\u00f3n esquina con Gonz\u00e1lez Ortega, con el uso de dos unidades del servicio de transporte p\u00fablico, lo cual complico la circulaci\u00f3n en la zona. Unas dos horas m\u00e1s tarde, se retiraron las manifestantes.<\/p>\n","protected":false},"excerpt":{"rendered":"<p>Evlin Arag\u00f3n\/Zona Roja. Oaxaca de Ju\u00e1rez, Oax., 7 de noviembre de 2020.- Con excesivo n\u00famero&hellip;<\/p>\n","protected":false},"author":2,"featured_media":19773,"comment_status":"closed","ping_status":"open","sticky":false,"template":"","format":"standard","meta":{"_lmt_disableupdate":"","_lmt_disable":"","_jetpack_memberships_contains_paid_content":false,"footnotes":""},"categories":[109,47],"tags":[115,2184],"class_list":["post-19772","post","type-post","status-publish","format-standard","has-post-thumbnail","hentry","category-minuto-a-minuto","category-zona-gris","tag-oswaldo-garcia-jarquin","tag-tianguis-autogestivo-y-disidente-oaxaca"],"jetpack_featured_media_url":"https:\/\/zonaroja.com.mx\/wp-content\/uploads\/2020\/11\/Desalojo-feministas.jpg","jetpack_sharing_enabled":true,"_links":{"self":[{"href":"https:\/\/zonaroja.com.mx\/index.php?rest_route=\/wp\/v2\/posts\/19772","targetHints":{"allow":["GET"]}}],"collection":[{"href":"https:\/\/zonaroja.com.mx\/index.php?rest_route=\/wp\/v2\/posts"}],"about":[{"href":"https:\/\/zonaroja.com.mx\/index.php?rest_route=\/wp\/v2\/types\/post"}],"author":[{"embeddable":true,"href":"https:\/\/zonaroja.com.mx\/index.php?rest_route=\/wp\/v2\/users\/2"}],"replies":[{"embeddable":true,"href":"https:\/\/zonaroja.com.mx\/index.php?rest_route=%2Fwp%2Fv2%2Fcomments&post=19772"}],"version-history":[{"count":2,"href":"https:\/\/zonaroja.com.mx\/index.php?rest_route=\/wp\/v2\/posts\/19772\/revisions"}],"predecessor-version":[{"id":19778,"href":"https:\/\/zonaroja.com.mx\/index.php?rest_route=\/wp\/v2\/posts\/19772\/revisions\/19778"}],"wp:featuredmedia":[{"embeddable":true,"href":"https:\/\/zonaroja.com.mx\/index.php?rest_route=\/wp\/v2\/media\/19773"}],"wp:attachment":[{"href":"https:\/\/zonaroja.com.mx\/index.php?rest_route=%2Fwp%2Fv2%2Fmedia&parent=19772"}],"wp:term":[{"taxonomy":"category","embeddable":true,"href":"https:\/\/zonaroja.com.mx\/index.php?rest_route=%2Fwp%2Fv2%2Fcategories&post=19772"},{"taxonomy":"post_tag","embeddable":true,"href":"https:\/\/zonaroja.com.mx\/index.php?rest_route=%2Fwp%2Fv2%2Ftags&post=19772"}],"curies":[{"name":"wp","href":"https:\/\/api.w.org\/{rel}","templated":true}]}}