{"id":19779,"date":"2020-11-07T20:41:59","date_gmt":"2020-11-08T02:41:59","guid":{"rendered":"http:\/\/www.zonaroja.com.mx\/?p=19779"},"modified":"2020-11-07T20:42:03","modified_gmt":"2020-11-08T02:42:03","slug":"premian-de-nuevo-en-europa-al-caricaturista-oaxaqueno-dario-castillejos","status":"publish","type":"post","link":"https:\/\/zonaroja.com.mx\/?p=19779","title":{"rendered":"Premian de nuevo en Europa al caricaturista oaxaque\u00f1o Dar\u00edo Castillejos"},"content":{"rendered":"\n<p>Yuridiana Sosa\/Zona Roja.<\/p>\n\n\n\n<p>Oaxaca de Ju\u00e1rez, Oax., 7 de noviembre de 2020.- Dar\u00edo Castillejos, multipremiado caricaturista oaxaque\u00f1o, logr\u00f3 el primer lugar del \u00abGolden Prize\u00bb en el certamen HumoDeva, Rumania 2019.<\/p>\n\n\n\n<p>El monero dio a conocer sobre su m\u00e1s reciente premio en su cuenta de Facebook, con el mensaje: \u201cUn honor recibir el primer lugar \u2018Golden Prize\u2019 en el certamen HumoDeva en Rumania. Agradezco al jurado y felicito a cada uno de los participantes y colegas galardonados\u201d.<\/p>\n\n\n\n<p>Castillejos L\u00e1zcares fue el \u00fanico mexicano en la lista de ganadores, en la que se encuentran artistas gr\u00e1ficos de Francia, Ucrania, Rumania, Italia, Brasil, Indonesia, Polonia, Portugal, B\u00e9lgica, Turqu\u00eda, Ir\u00e1n y Espa\u00f1a.<\/p>\n\n\n\n<p>La obra de Dar\u00edo Castillejos recibi\u00f3 el premio Oro y diploma especial de honor y galer\u00eda personal en BestCARTOONS.net.<\/p>\n\n\n\n<figure class=\"wp-block-embed-twitter wp-block-embed is-type-rich is-provider-twitter\"><div class=\"wp-block-embed__wrapper\">\n<div class=\"twitter-tweet\"><blockquote class=\"twitter-tweet\" data-lang=\"es\"><p lang=\"es\" dir=\"ltr\">Un honor recibir el Primer Premio &quot;Golden Prize&quot; en el  certamen HumoDeva en Rumania. Agradezco al jurado y felicito a cada uno de los participantes y colegas galardonados.<a href=\"https:\/\/t.co\/TysnoRxMIT\">https:\/\/t.co\/TysnoRxMIT<\/a> <a href=\"https:\/\/t.co\/cpPS1FQu06\">pic.twitter.com\/cpPS1FQu06<\/a><\/p>&mdash; Dar\u00edo Castillejos (@Dariomonero) <a href=\"https:\/\/twitter.com\/Dariomonero\/status\/1325123529428234244?ref_src=twsrc%5Etfw\">7 de noviembre de 2020<\/a><\/blockquote><\/div>\n<\/div><\/figure>\n\n\n\n<p>La p\u00e1gina oficial del certamen internacional indic\u00f3 que se recibieron cinco mil 480 obras, de las cuales dos mil 102 se exhibieron en la galer\u00eda HumoDeva 2019.<\/p>\n\n\n\n<p>LARGA TRAYECTORIA<\/p>\n\n\n\n<p>Este a\u00f1o tambi\u00e9n, a mediados de septiembre, Castillejos, cartonista del diario \u201cEl Imparcial\u201d, obtuvo el premio World Press Cartoon 2020, en un evento efectuado en Portugal.<\/p>\n\n\n\n<p>En 2019 el oaxaque\u00f1o fue galardonado como el Premio Excelencia en Periodismo 2019, con el trabajo \u201cOficio de alto riesgo\u201d.<\/p>\n\n\n\n<p>Obtuvo el Premio Nacional de Periodismo en los a\u00f1os 2012, 2014 y 2015; adem\u00e1s, logr\u00f3 Menci\u00f3n Honor\u00edfica en el Premio Nacional de Periodismo 2018 otorgado por el Consejo Ciudadano del PNP.<\/p>\n\n\n\n<p>Entre otras participaciones, se encuentra ser representante de M\u00e9xico en el Encuentro Internacional de Caricaturistas de Prensa RIDEP 2013, Carquefou, Francia. Recibi\u00f3 Menci\u00f3n de Honor en el 40\u00ba Sal\u00f3n Internacional del Humor de Piracicaba Brasil, en 2013.<\/p>\n\n\n\n<p>Pero tambi\u00e9n, en 2005 recibi\u00f3 el Premio Nacional de Periodismo \u201cJos\u00e9 Pag\u00e9s Llergo\u201d, otorgado por la Fundaci\u00f3n Jos\u00e9 Pag\u00e9s Llergo. En 2006 Premio Estatal de Periodismo \u201cBenito Ju\u00e1rez Garc\u00eda\u201d 2005, otorgado por la Asociaci\u00f3n de Periodistas de Oaxaca y otras organizaciones period\u00edsticas.<\/p>\n\n\n\n<p>Y entre sus primero reconocimientos se encuentra el Premio Estatal de Periodismo e Informaci\u00f3n \u201cBenito Ju\u00e1rez Garc\u00eda\u201d, otorgado por el Gobierno de Oaxaca en 1997 y el 1999, obtuvo el primer Lugar obtenido en el 1er Concurso Nacional de Historieta y Caricatura sobre \u201cLa lucha contra el uso indebido de las drogas\u201d, convocado por la Procuradur\u00eda General de la Rep\u00fablica (PGR).<\/p>\n\n\n\n<figure class=\"wp-block-embed-twitter wp-block-embed is-type-rich is-provider-twitter\"><div class=\"wp-block-embed__wrapper\">\n<div class=\"twitter-tweet\"><blockquote class=\"twitter-tweet\" data-lang=\"es\"><p lang=\"es\" dir=\"ltr\">\ud83d\ude80La nave de la imaginaci\u00f3n nos lleva hasta <a href=\"https:\/\/twitter.com\/hashtag\/OaxacaDeJu%C3%A1rez?src=hash&amp;ref_src=twsrc%5Etfw\">#OaxacaDeJu\u00e1rez<\/a> con <a href=\"https:\/\/twitter.com\/Dariomonero?ref_src=twsrc%5Etfw\">@Dariomonero<\/a>, ganador del premio World Press Cartoon 2020, quien nos platica sobre su trabajo y la fuerza del movimiento art\u00edstico oaxaque\u00f1o.<br><br>\u00a1No te pierdas <a href=\"https:\/\/twitter.com\/SantosComics?ref_src=twsrc%5Etfw\">@SantosComics<\/a> con Mart\u00edn Arceo!<br>\u25b6<a href=\"https:\/\/t.co\/QKKZ9Urque\">https:\/\/t.co\/QKKZ9Urque<\/a> <a href=\"https:\/\/t.co\/DTRFVHOJLo\">pic.twitter.com\/DTRFVHOJLo<\/a><\/p>&mdash; Rompeviento TV (@RompevientoTV) <a href=\"https:\/\/twitter.com\/RompevientoTV\/status\/1314339795468869637?ref_src=twsrc%5Etfw\">8 de octubre de 2020<\/a><\/blockquote><\/div>\n<\/div><\/figure>\n","protected":false},"excerpt":{"rendered":"<p>Yuridiana Sosa\/Zona Roja. Oaxaca de Ju\u00e1rez, Oax., 7 de noviembre de 2020.- Dar\u00edo Castillejos, multipremiado&hellip;<\/p>\n","protected":false},"author":2,"featured_media":19780,"comment_status":"closed","ping_status":"open","sticky":false,"template":"","format":"standard","meta":{"_lmt_disableupdate":"","_lmt_disable":"","_jetpack_memberships_contains_paid_content":false,"footnotes":""},"categories":[109,46],"tags":[2185],"class_list":["post-19779","post","type-post","status-publish","format-standard","has-post-thumbnail","hentry","category-minuto-a-minuto","category-zona-blanca","tag-caricaturista-dario-castillejos"],"jetpack_featured_media_url":"https:\/\/zonaroja.com.mx\/wp-content\/uploads\/2020\/11\/Premio-Dario-Castillejos.jpg","jetpack_sharing_enabled":true,"_links":{"self":[{"href":"https:\/\/zonaroja.com.mx\/index.php?rest_route=\/wp\/v2\/posts\/19779","targetHints":{"allow":["GET"]}}],"collection":[{"href":"https:\/\/zonaroja.com.mx\/index.php?rest_route=\/wp\/v2\/posts"}],"about":[{"href":"https:\/\/zonaroja.com.mx\/index.php?rest_route=\/wp\/v2\/types\/post"}],"author":[{"embeddable":true,"href":"https:\/\/zonaroja.com.mx\/index.php?rest_route=\/wp\/v2\/users\/2"}],"replies":[{"embeddable":true,"href":"https:\/\/zonaroja.com.mx\/index.php?rest_route=%2Fwp%2Fv2%2Fcomments&post=19779"}],"version-history":[{"count":1,"href":"https:\/\/zonaroja.com.mx\/index.php?rest_route=\/wp\/v2\/posts\/19779\/revisions"}],"predecessor-version":[{"id":19781,"href":"https:\/\/zonaroja.com.mx\/index.php?rest_route=\/wp\/v2\/posts\/19779\/revisions\/19781"}],"wp:featuredmedia":[{"embeddable":true,"href":"https:\/\/zonaroja.com.mx\/index.php?rest_route=\/wp\/v2\/media\/19780"}],"wp:attachment":[{"href":"https:\/\/zonaroja.com.mx\/index.php?rest_route=%2Fwp%2Fv2%2Fmedia&parent=19779"}],"wp:term":[{"taxonomy":"category","embeddable":true,"href":"https:\/\/zonaroja.com.mx\/index.php?rest_route=%2Fwp%2Fv2%2Fcategories&post=19779"},{"taxonomy":"post_tag","embeddable":true,"href":"https:\/\/zonaroja.com.mx\/index.php?rest_route=%2Fwp%2Fv2%2Ftags&post=19779"}],"curies":[{"name":"wp","href":"https:\/\/api.w.org\/{rel}","templated":true}]}}