{"id":19785,"date":"2020-11-08T07:22:09","date_gmt":"2020-11-08T13:22:09","guid":{"rendered":"http:\/\/www.zonaroja.com.mx\/?p=19785"},"modified":"2020-11-08T07:22:12","modified_gmt":"2020-11-08T13:22:12","slug":"continua-capacitacion-a-personal-del-poder-judicial-pese-a-pandemia","status":"publish","type":"post","link":"https:\/\/zonaroja.com.mx\/?p=19785","title":{"rendered":"Contin\u00faa capacitaci\u00f3n a personal del Poder Judicial, pese a pandemia"},"content":{"rendered":"\n<p>Redacci\u00f3n\/Zona Roja.<\/p>\n\n\n\n<p>Oaxaca de Ju\u00e1rez, Oax., 8 de noviembre de 2020.- Con la conferencia \u201cTestimonio infantil vivenciado versus fabricado. \u00bfEs posible detectar las diferencias?\u201d y la presentaci\u00f3n de una investigaci\u00f3n sobre la neurociencia aplicada al campo forense y al del derecho, as\u00ed como el impacto de la evidencia neurocient\u00edfica en la toma de decisiones en el caso del juicio formulado, el Poder Judicial del Estado concluy\u00f3 el curso en l\u00ednea \u00abPsicopatolog\u00eda Forense, Coordinaci\u00f3n Parental y Tribunales de Justicia\u00bb, dirigido a personal de la instituci\u00f3n.<\/p>\n\n\n\n<p>La psicolog\u00eda jur\u00eddica y la criminolog\u00eda se han convertido en las \u00e1reas de actuaci\u00f3n para los servidores p\u00fablicos judiciales interesados por el ejercicio \u00e9tico y optimizaci\u00f3n del quehacer profesional en los contextos legales. Bajo esta premisa, el Tribunal Superior de Justicia y el Consejo de la Judicatura promueven el estudio del delito y de las diferentes propuestas te\u00f3ricas y desarrollos en investigaci\u00f3n, para avanzar en formaci\u00f3n especializada de las y los juzgadores.<\/p>\n\n\n\n<p>En el marco del curso Psicopatolog\u00eda Forense, Coordinaci\u00f3n Parental y Tribunales de Justicia, que comprendi\u00f3 ocho sesiones del 20 al 29 de octubre y el 4 de noviembre, la directora del posgrado en Criminolog\u00eda y Psicolog\u00eda Forense Aplicada, de la Universidad Sim\u00f3n Bolivar de Barranquilla, Colombia, doctora Gloria Egea, imparti\u00f3 la conferencia \u201cTestimonio infantil vivenciado versus fabricado. \u00bfEs posible detectar las diferencias?<\/p>\n\n\n\n<p>Por su parte, el jefe del Departamento de Psiquiatr\u00eda de la Defensor\u00eda General de Argentina, doctor Ezequiel N. Mercurio habl\u00f3 sobre la investigaci\u00f3n sobre la neurociencia aplicada al campo forense y al del derecho, que en los \u00faltimos a\u00f1os ha cobrado especial relevancia y ha sido relacionado con el quehacer jur\u00eddico.<\/p>\n","protected":false},"excerpt":{"rendered":"<p>Redacci\u00f3n\/Zona Roja. Oaxaca de Ju\u00e1rez, Oax., 8 de noviembre de 2020.- Con la conferencia \u201cTestimonio&hellip;<\/p>\n","protected":false},"author":2,"featured_media":19786,"comment_status":"closed","ping_status":"open","sticky":false,"template":"","format":"standard","meta":{"_lmt_disableupdate":"","_lmt_disable":"","_jetpack_memberships_contains_paid_content":false,"footnotes":""},"categories":[109,47],"tags":[223],"class_list":["post-19785","post","type-post","status-publish","format-standard","has-post-thumbnail","hentry","category-minuto-a-minuto","category-zona-gris","tag-poder-judicial-de-oaxaca"],"jetpack_featured_media_url":"https:\/\/zonaroja.com.mx\/wp-content\/uploads\/2020\/11\/3-CONFERENCIA.jpg","jetpack_sharing_enabled":true,"_links":{"self":[{"href":"https:\/\/zonaroja.com.mx\/index.php?rest_route=\/wp\/v2\/posts\/19785","targetHints":{"allow":["GET"]}}],"collection":[{"href":"https:\/\/zonaroja.com.mx\/index.php?rest_route=\/wp\/v2\/posts"}],"about":[{"href":"https:\/\/zonaroja.com.mx\/index.php?rest_route=\/wp\/v2\/types\/post"}],"author":[{"embeddable":true,"href":"https:\/\/zonaroja.com.mx\/index.php?rest_route=\/wp\/v2\/users\/2"}],"replies":[{"embeddable":true,"href":"https:\/\/zonaroja.com.mx\/index.php?rest_route=%2Fwp%2Fv2%2Fcomments&post=19785"}],"version-history":[{"count":1,"href":"https:\/\/zonaroja.com.mx\/index.php?rest_route=\/wp\/v2\/posts\/19785\/revisions"}],"predecessor-version":[{"id":19787,"href":"https:\/\/zonaroja.com.mx\/index.php?rest_route=\/wp\/v2\/posts\/19785\/revisions\/19787"}],"wp:featuredmedia":[{"embeddable":true,"href":"https:\/\/zonaroja.com.mx\/index.php?rest_route=\/wp\/v2\/media\/19786"}],"wp:attachment":[{"href":"https:\/\/zonaroja.com.mx\/index.php?rest_route=%2Fwp%2Fv2%2Fmedia&parent=19785"}],"wp:term":[{"taxonomy":"category","embeddable":true,"href":"https:\/\/zonaroja.com.mx\/index.php?rest_route=%2Fwp%2Fv2%2Fcategories&post=19785"},{"taxonomy":"post_tag","embeddable":true,"href":"https:\/\/zonaroja.com.mx\/index.php?rest_route=%2Fwp%2Fv2%2Ftags&post=19785"}],"curies":[{"name":"wp","href":"https:\/\/api.w.org\/{rel}","templated":true}]}}