{"id":19791,"date":"2020-11-08T07:43:56","date_gmt":"2020-11-08T13:43:56","guid":{"rendered":"http:\/\/www.zonaroja.com.mx\/?p=19791"},"modified":"2020-11-08T07:43:59","modified_gmt":"2020-11-08T13:43:59","slug":"aumenta-discriminacion-y-violencia-a-grupos-vulnerables-por-la-pandemia","status":"publish","type":"post","link":"https:\/\/zonaroja.com.mx\/?p=19791","title":{"rendered":"Aumenta discriminaci\u00f3n y violencia a grupos vulnerables por la pandemia"},"content":{"rendered":"\n<p>Evlin Arag\u00f3\/Zona Roja.<\/p>\n\n\n\n<p>Oaxaca de Ju\u00e1rez, Oax., 8 de noviembre de 2020.- La Red Iberoamericana de Organismos y Organizaciones contra la Discriminaci\u00f3n dio a conocer que, debido a la pandemia del Covid-19, las situaciones de discriminaci\u00f3n, estigmatizaci\u00f3n y violencias cotidianas se han exacerbado en todos los pa\u00edses iberoamericanos por lo que es indispensable atender la problem\u00e1tica, particularmente para los grupos m\u00e1s vulnerables.\u00a0<\/p>\n\n\n\n<p>En su m\u00e1s reciente comunicado, tras la VII reuni\u00f3n extraordinaria de la red, detall\u00f3 que son las personas trans, y muy espec\u00edficamente las mujeres trans, tienen dificultades para acceder a los servicios de salud y otros sentidos sanitarios; situaci\u00f3n similar a la que se enfrentan los pueblos ind\u00edgenas, gitanos y afrodescendientes.&nbsp;<\/p>\n\n\n\n<p>De igual forma, las personas que viven con discapacidad tienen m\u00e1s probabilidades de experimentar situaciones de discriminaci\u00f3n que derivan, entre otras cuestiones, en peores condiciones de salud y en mayores dificultades para acceder a una atenci\u00f3n adecuada que responda a sus necesidades particulares.<\/p>\n\n\n\n<p>Mientras que las personas migrantes, refugiadas y desplazada enfrentan violaciones debido al contexto de las medidas restrictivas adoptada para la contenci\u00f3n de la pandemia, tales como el cierre de fronteras y reducci\u00f3n de libertades de libre tr\u00e1nsito interna e internacional.&nbsp;<\/p>\n\n\n\n<p>Por lo anterior, la red enfatiza en la necesidad urgente de garantizar que las medidas que se implementen por parte de las naciones, tomen en cuenta la protecci\u00f3n de las personas, particularmente de aquellas que hist\u00f3ricamente se han enfrentado a la vulnerabilidad y discriminaci\u00f3n estructural.<\/p>\n\n\n\n<p>Ello incluye incorporar un enfoque de derechos humanos interseccional tal como lo han se\u00f1alado en sus recomendaciones y resoluciones la Organizaci\u00f3n de la Naciones Unidas (ONU) y la Organizaci\u00f3n de Estados Americanos (OEA), mismo que debe tomar en cuenta apoyo econ\u00f3mico y sanitario para los sectores sociales con menores posibilidades.&nbsp;<\/p>\n\n\n\n<p>De forma espec\u00edficamente hicieron un llamado a considerar a estas poblaciones en la disponibilidad y distribuci\u00f3n y el acceso de una futura vacuna, in ning\u00fan tipo de discriminaci\u00f3n por raza, sexo, g\u00e9nero o de cualquier tipo.&nbsp;<\/p>\n\n\n\n<p>\u201cApelamos a difundir las actuaciones positivas y solidarias que est\u00e1n llevando a cabo las personas y organizaciones representativas de comunidades o pueblos que hist\u00f3ricamente han sido discriminados. As\u00ed como hacerles part\u00edcipes en los procesos de reactivaci\u00f3n econ\u00f3mica-social a nivel nacional y local que garanticen su protecci\u00f3n integral con un enfoque de igualdad y no discriminaci\u00f3n\u201d, refieren en el comunicado.&nbsp;<\/p>\n\n\n\n<p>Finalmente hicieron un llamado a que se impulsen procesos de cooperaci\u00f3n para intercambiar buenas pr\u00e1cticas y acciones diferenciadas e interseccionales destinadas a la atenci\u00f3n grupos hist\u00f3ricamente discriminados en todo el mundo, tal es el caso de las gu\u00edas con recomendaciones y lineamiento para la protecci\u00f3n de la salud, campa\u00f1as y ampliaci\u00f3n de los servicios de asesor\u00eda para casos de discriminaci\u00f3n que realiza M\u00e9xico.&nbsp;<\/p>\n","protected":false},"excerpt":{"rendered":"<p>Evlin Arag\u00f3\/Zona Roja. Oaxaca de Ju\u00e1rez, Oax., 8 de noviembre de 2020.- La Red Iberoamericana&hellip;<\/p>\n","protected":false},"author":2,"featured_media":14896,"comment_status":"closed","ping_status":"open","sticky":false,"template":"","format":"standard","meta":{"_lmt_disableupdate":"","_lmt_disable":"","_jetpack_memberships_contains_paid_content":false,"footnotes":""},"categories":[109,47],"tags":[1328],"class_list":["post-19791","post","type-post","status-publish","format-standard","has-post-thumbnail","hentry","category-minuto-a-minuto","category-zona-gris","tag-coronavirus-mexico"],"jetpack_featured_media_url":"https:\/\/zonaroja.com.mx\/wp-content\/uploads\/2020\/07\/mujeres-adultas-Covid-y-violencia.png","jetpack_sharing_enabled":true,"_links":{"self":[{"href":"https:\/\/zonaroja.com.mx\/index.php?rest_route=\/wp\/v2\/posts\/19791","targetHints":{"allow":["GET"]}}],"collection":[{"href":"https:\/\/zonaroja.com.mx\/index.php?rest_route=\/wp\/v2\/posts"}],"about":[{"href":"https:\/\/zonaroja.com.mx\/index.php?rest_route=\/wp\/v2\/types\/post"}],"author":[{"embeddable":true,"href":"https:\/\/zonaroja.com.mx\/index.php?rest_route=\/wp\/v2\/users\/2"}],"replies":[{"embeddable":true,"href":"https:\/\/zonaroja.com.mx\/index.php?rest_route=%2Fwp%2Fv2%2Fcomments&post=19791"}],"version-history":[{"count":1,"href":"https:\/\/zonaroja.com.mx\/index.php?rest_route=\/wp\/v2\/posts\/19791\/revisions"}],"predecessor-version":[{"id":19792,"href":"https:\/\/zonaroja.com.mx\/index.php?rest_route=\/wp\/v2\/posts\/19791\/revisions\/19792"}],"wp:featuredmedia":[{"embeddable":true,"href":"https:\/\/zonaroja.com.mx\/index.php?rest_route=\/wp\/v2\/media\/14896"}],"wp:attachment":[{"href":"https:\/\/zonaroja.com.mx\/index.php?rest_route=%2Fwp%2Fv2%2Fmedia&parent=19791"}],"wp:term":[{"taxonomy":"category","embeddable":true,"href":"https:\/\/zonaroja.com.mx\/index.php?rest_route=%2Fwp%2Fv2%2Fcategories&post=19791"},{"taxonomy":"post_tag","embeddable":true,"href":"https:\/\/zonaroja.com.mx\/index.php?rest_route=%2Fwp%2Fv2%2Ftags&post=19791"}],"curies":[{"name":"wp","href":"https:\/\/api.w.org\/{rel}","templated":true}]}}