{"id":19804,"date":"2020-11-08T16:10:27","date_gmt":"2020-11-08T22:10:27","guid":{"rendered":"http:\/\/www.zonaroja.com.mx\/?p=19804"},"modified":"2020-11-08T16:10:31","modified_gmt":"2020-11-08T22:10:31","slug":"identifican-a-presuntos-feminicidas-de-alma-itzel-exigen-renuncia-del-fiscal","status":"publish","type":"post","link":"https:\/\/zonaroja.com.mx\/?p=19804","title":{"rendered":"Identifican a presuntos feminicidas de Alma Itzel; exigen renuncia del fiscal"},"content":{"rendered":"\n<p>Ismael Garc\u00eda M.\/Zona Roja.<\/p>\n\n\n\n<p>Oaxaca de Ju\u00e1rez, Oax., 8 de noviembre de 2020.- Pobladores de Santa Cruz Itundujia, Oaxaca, identificaron a Arturo R. P. y Nicanor R. P., como los probables autores del asesinato de la joven Alma Itzel Romero Garc\u00eda; el primero de ellos fue detenido y el segundo se encuentra pr\u00f3fugo.<\/p>\n\n\n\n<p>En tanto, el colectivo Feministas Oaxaca demand\u00f3 la destituci\u00f3n del titular de la Fiscal\u00eda General del Estado de Oaxaca, Rub\u00e9n Vasconcelos M\u00e9ndez, por no activar a tiempo los protocolos de b\u00fasqueda y por la ola de feminicidios impunes.<\/p>\n\n\n\n<p>\u201cAlma Itzel desapareci\u00f3 el 3 de noviembre en Santa Cruz Itundujia, Putla, Oaxaca. La Fiscal\u00eda no activ\u00f3 los protocolos de b\u00fasqueda y Alma Itzel fue asesinada. Hay un detenido, la comunidad lo detuvo y existe otro pr\u00f3fugo.<\/p>\n\n\n\n<p>\u201cNosotros te nombramos Alma Itzel, que tu camino sea de luz y que las diosas te acompa\u00f1en, que aqu\u00ed tus hermanas no nos cansaremos de exigir justicia para ti y para todas nuestras hermanas desaparecidas y asesinadas.<\/p>\n\n\n\n<p>\u201cDestituci\u00f3n del fiscal General ya! \u00a1Destituci\u00f3n de la secretaria de la Mujer ya! \u00a1Nunca volver\u00e1n a tener la comodidad de nuestro silencio!\u201d, difundi\u00f3 el colectivo a trav\u00e9s de redes sociales como Facebook.<\/p>\n\n\n\n<p>Fue la tarde de ayer en que localizaron el cuerpo de Alma Itzel, presuntamente con huellas de violencia sexual, en inmediaciones del r\u00edo \u201cEl Pescadillo\u201d, cerca de la comunidad de Nuevo Allende.<\/p>\n\n\n\n<p>El detenido como probable autor del crimen, Arturo R. P., fue entregado al personal de la Fiscal\u00eda General.<\/p>\n\n\n\n<p>\u201cNo hay un lugar en este mundo en el que puedas esconderte &#8211;dijeron al pr\u00f3fugo&#8211;, pedimos a todas las compa\u00f1eras a todas las colectivas, a la sociedad civil que compartan para que se d\u00e9 con el paradero de este violador y feminicida, no confiamos en la Fiscal\u00eda General, dejan libres a feminicidas y violadores, son c\u00f3mplices\u201d, remarcaron las integrantes de Feministas Oaxaca.<\/p>\n","protected":false},"excerpt":{"rendered":"<p>Ismael Garc\u00eda M.\/Zona Roja. Oaxaca de Ju\u00e1rez, Oax., 8 de noviembre de 2020.- Pobladores de&hellip;<\/p>\n","protected":false},"author":2,"featured_media":19805,"comment_status":"closed","ping_status":"open","sticky":false,"template":"","format":"standard","meta":{"_lmt_disableupdate":"","_lmt_disable":"","_jetpack_memberships_contains_paid_content":false,"footnotes":""},"categories":[109,47],"tags":[2186,2055],"class_list":["post-19804","post","type-post","status-publish","format-standard","has-post-thumbnail","hentry","category-minuto-a-minuto","category-zona-gris","tag-alma-itzel-romero-garcia","tag-santa-cruz-itundujia"],"jetpack_featured_media_url":"https:\/\/zonaroja.com.mx\/wp-content\/uploads\/2020\/11\/Feminicidio-Alma-Itzel.jpg","jetpack_sharing_enabled":true,"_links":{"self":[{"href":"https:\/\/zonaroja.com.mx\/index.php?rest_route=\/wp\/v2\/posts\/19804","targetHints":{"allow":["GET"]}}],"collection":[{"href":"https:\/\/zonaroja.com.mx\/index.php?rest_route=\/wp\/v2\/posts"}],"about":[{"href":"https:\/\/zonaroja.com.mx\/index.php?rest_route=\/wp\/v2\/types\/post"}],"author":[{"embeddable":true,"href":"https:\/\/zonaroja.com.mx\/index.php?rest_route=\/wp\/v2\/users\/2"}],"replies":[{"embeddable":true,"href":"https:\/\/zonaroja.com.mx\/index.php?rest_route=%2Fwp%2Fv2%2Fcomments&post=19804"}],"version-history":[{"count":1,"href":"https:\/\/zonaroja.com.mx\/index.php?rest_route=\/wp\/v2\/posts\/19804\/revisions"}],"predecessor-version":[{"id":19806,"href":"https:\/\/zonaroja.com.mx\/index.php?rest_route=\/wp\/v2\/posts\/19804\/revisions\/19806"}],"wp:featuredmedia":[{"embeddable":true,"href":"https:\/\/zonaroja.com.mx\/index.php?rest_route=\/wp\/v2\/media\/19805"}],"wp:attachment":[{"href":"https:\/\/zonaroja.com.mx\/index.php?rest_route=%2Fwp%2Fv2%2Fmedia&parent=19804"}],"wp:term":[{"taxonomy":"category","embeddable":true,"href":"https:\/\/zonaroja.com.mx\/index.php?rest_route=%2Fwp%2Fv2%2Fcategories&post=19804"},{"taxonomy":"post_tag","embeddable":true,"href":"https:\/\/zonaroja.com.mx\/index.php?rest_route=%2Fwp%2Fv2%2Ftags&post=19804"}],"curies":[{"name":"wp","href":"https:\/\/api.w.org\/{rel}","templated":true}]}}