{"id":19807,"date":"2020-11-08T17:10:34","date_gmt":"2020-11-08T23:10:34","guid":{"rendered":"http:\/\/www.zonaroja.com.mx\/?p=19807"},"modified":"2020-11-08T17:10:37","modified_gmt":"2020-11-08T23:10:37","slug":"ninas-y-ninos-de-oaxaca-invitan-a-la-poblacion-a-cuidarse-por-la-pandemia","status":"publish","type":"post","link":"https:\/\/zonaroja.com.mx\/?p=19807","title":{"rendered":"Ni\u00f1as y ni\u00f1os de Oaxaca invitan a la poblaci\u00f3n a cuidarse por la pandemia"},"content":{"rendered":"\n<p>Evlin Arag\u00f3n\/Zona Roja.<\/p>\n\n\n\n<p>Oaxaca de Ju\u00e1rez, Oax., 8 de noviembre de 2020.- \u201cHazlo por m\u00ed, por ti, por todos\u201d, es el llamado que ni\u00f1as y ni\u00f1os oaxaque\u00f1os hacen a las personas adultas, a quienes invitan a mantener las medidas sanitarias y no salir a las calles por diversi\u00f3n, para evitar una propagaci\u00f3n mayor del virus SARs-COV2 , de la que ya existe en la actualidad.\u00a0<\/p>\n\n\n\n<p>\u201cAdulto, t\u00fa que puedes salir y lo has hecho por trabajo o para hacer compras para la casa, no te pido que no salgas, s\u00f3lo te pido que cuando salgas uses bien el cubrebocas tapando boca y nariz; mant\u00e9n tu distancia con las personas y lava constantemente tus manos\u201d, se escucha a ni\u00f1as y ni\u00f1os decir en un video que han difundido a trav\u00e9s de las redes sociales, como YouTube y Facebook\u00a0<\/p>\n\n\n\n<p>La iniciativa fue de la peque\u00f1a Melissa Hern\u00e1ndez, que un d\u00eda, aburrida, quer\u00eda que la llevaran al mercado de compras. \u201cPor la culpa de los adultos no termina el coronavirus, \u00bfqu\u00e9 no se cuidan? \u00bfNo usan cubrebocas?\u201d, reproch\u00f3.<\/p>\n\n\n\n<p>De ah\u00ed que junto con su padre Edwin grabara un video para llamar a los adultos que se cuiden; luego, Melissa pidi\u00f3 a otros 14 de sus compa\u00f1eritos que hiciera un video, se lo enviaran y fue como surgi\u00f3 la propuesta de llamado a la conciencia.<\/p>\n\n\n\n<figure class=\"wp-block-embed-youtube wp-block-embed is-type-video is-provider-youtube wp-embed-aspect-16-9 wp-has-aspect-ratio\"><div class=\"wp-block-embed__wrapper\">\n<iframe title=\"Hazlo por mi, por ti, por todos - Ni\u00f1os hacen un llamado a cuidarse para que termine la pandemia\" width=\"1170\" height=\"658\" src=\"https:\/\/www.youtube.com\/embed\/inr45XFViUI?feature=oembed\" frameborder=\"0\" allow=\"accelerometer; autoplay; clipboard-write; encrypted-media; gyroscope; picture-in-picture\" allowfullscreen><\/iframe>\n<\/div><\/figure>\n\n\n\n<p>Y es que, pese a la contingencia sanitaria, las calles de la ciudad de Oaxaca cada vez registran un mayor flujo de personas, incluso durante este fin de semana que reci\u00e9n paso las y los visitantes abarrotaron el Andador Tur\u00edstico, el z\u00f3calo y la Alameda de Le\u00f3n.&nbsp;<\/p>\n\n\n\n<p>Por ello piden a la poblaci\u00f3n adulta comportarse como digno ejemplo de la ni\u00f1ez y no salir por diversi\u00f3n, \u00fanicamente por actividades esenciales y con las medidas de cuidado necesarias para evitar poner en riesgo a su familia y su comunidad.&nbsp;<\/p>\n\n\n\n<p>\u201cDemu\u00e9stranos que eres adulto y nos puedes dar el ejemplo de c\u00f3mo cuidarnos ya que en tus manos esta que termine esta pandemia y deje de morir mucha gente. A\u00fan no salgas por diversi\u00f3n, no me expongas porque el virus est\u00e1 en todos lados y no sabemos c\u00f3mo podr\u00eda atacarnos o si lo podemos resistir\u201d, contin\u00faan.&nbsp;<\/p>\n\n\n\n<p>La comunidad infantil asegur\u00f3 que tambi\u00e9n est\u00e1 ansiosa por salir, toda vez que extra\u00f1an la escuela, ver a sus amigos, jugar en los parques, ir a clases de m\u00fasica, a la playa y retomar sus actividades al exterior, sin embargo, no podr\u00e1n hacerlo hasta que ya no exista riesgo de contagio o se habilite la vacuna que acabe con el virus.&nbsp;<\/p>\n\n\n\n<p>Demostrando que pueden incluso m\u00e1s conscientes que las y los adultos describen cada una de las maneras de cuidado en caso de que tengan la necesidad de salir: uso correcto de cubrebocas, gel antibacterial, lavado de manos y sana distancia son las recomendaciones que m\u00e1s enuncian al ser cuestionados.&nbsp;<\/p>\n\n\n\n<p>En Oaxaca la cifra de contagios acumulados es de 22 mil 34, mientras que las personas fallecidas son mil 753, durante los siete meses que lleva la emergencia sanitaria; los llamados del gobierno de Oaxaca a quedarse en casa no han funcionado debido a que no est\u00e1n acompa\u00f1ados de un respaldo econ\u00f3mico.&nbsp; As\u00ed mismo, la poca seriedad de las autoridades federales y estatal en el manejo del sem\u00e1foro epidemiol\u00f3gico y las medidas sanitarias, han contribuido en el relajamiento por parte de la poblaci\u00f3n que sin importar las recomendaciones sale de caso sin ser necesario, se resiste a usar cubrebocas y no guarda la sana distancia.&nbsp;<\/p>\n","protected":false},"excerpt":{"rendered":"<p>Evlin Arag\u00f3n\/Zona Roja. Oaxaca de Ju\u00e1rez, Oax., 8 de noviembre de 2020.- \u201cHazlo por m\u00ed,&hellip;<\/p>\n","protected":false},"author":2,"featured_media":19808,"comment_status":"closed","ping_status":"open","sticky":false,"template":"","format":"standard","meta":{"_lmt_disableupdate":"","_lmt_disable":"","_jetpack_memberships_contains_paid_content":false,"footnotes":""},"categories":[109,46],"tags":[2189],"class_list":["post-19807","post","type-post","status-publish","format-standard","has-post-thumbnail","hentry","category-minuto-a-minuto","category-zona-blanca","tag-ninos-oaxaca-pandemia-covid"],"jetpack_featured_media_url":"https:\/\/zonaroja.com.mx\/wp-content\/uploads\/2020\/11\/Ninos-llamado-salud.jpg","jetpack_sharing_enabled":true,"_links":{"self":[{"href":"https:\/\/zonaroja.com.mx\/index.php?rest_route=\/wp\/v2\/posts\/19807","targetHints":{"allow":["GET"]}}],"collection":[{"href":"https:\/\/zonaroja.com.mx\/index.php?rest_route=\/wp\/v2\/posts"}],"about":[{"href":"https:\/\/zonaroja.com.mx\/index.php?rest_route=\/wp\/v2\/types\/post"}],"author":[{"embeddable":true,"href":"https:\/\/zonaroja.com.mx\/index.php?rest_route=\/wp\/v2\/users\/2"}],"replies":[{"embeddable":true,"href":"https:\/\/zonaroja.com.mx\/index.php?rest_route=%2Fwp%2Fv2%2Fcomments&post=19807"}],"version-history":[{"count":1,"href":"https:\/\/zonaroja.com.mx\/index.php?rest_route=\/wp\/v2\/posts\/19807\/revisions"}],"predecessor-version":[{"id":19809,"href":"https:\/\/zonaroja.com.mx\/index.php?rest_route=\/wp\/v2\/posts\/19807\/revisions\/19809"}],"wp:featuredmedia":[{"embeddable":true,"href":"https:\/\/zonaroja.com.mx\/index.php?rest_route=\/wp\/v2\/media\/19808"}],"wp:attachment":[{"href":"https:\/\/zonaroja.com.mx\/index.php?rest_route=%2Fwp%2Fv2%2Fmedia&parent=19807"}],"wp:term":[{"taxonomy":"category","embeddable":true,"href":"https:\/\/zonaroja.com.mx\/index.php?rest_route=%2Fwp%2Fv2%2Fcategories&post=19807"},{"taxonomy":"post_tag","embeddable":true,"href":"https:\/\/zonaroja.com.mx\/index.php?rest_route=%2Fwp%2Fv2%2Ftags&post=19807"}],"curies":[{"name":"wp","href":"https:\/\/api.w.org\/{rel}","templated":true}]}}