{"id":19813,"date":"2020-11-09T10:00:06","date_gmt":"2020-11-09T16:00:06","guid":{"rendered":"http:\/\/www.zonaroja.com.mx\/?p=19813"},"modified":"2020-11-08T19:53:57","modified_gmt":"2020-11-09T01:53:57","slug":"ante-exclusion-de-filo-feria-de-identidad-del-libro-de-oaxaca-la-opcion","status":"publish","type":"post","link":"https:\/\/zonaroja.com.mx\/?p=19813","title":{"rendered":"Ante exclusi\u00f3n de FILO, Feria de Identidad del libro de Oaxaca, la opci\u00f3n"},"content":{"rendered":"\n<p>Yuridiana Sosa\/Zona Roja.<\/p>\n\n\n\n<p>Oaxaca de Ju\u00e1rez, Oax.- 9 de noviembre de 2020.- Destinada a la promoci\u00f3n de escritos para los oaxaque\u00f1os que se han quedado sin espacios para publicar, nace la Feria de Identidad del Libro de Oaxaca, que en su primera edici\u00f3n se realizar\u00e1 de forma virtual.<\/p>\n\n\n\n<p>El escritor y creador de la propuesta, Alejandro Aparicio, se\u00f1al\u00f3 que esta feria surge frente a la discriminaci\u00f3n que han sufrido los talentos oaxaque\u00f1os por parte de la Feria Internacional del Libro, en su edici\u00f3n en Oaxaca, (FILO), y el nulo apoyo del Gobierno del Estado al talento local.<\/p>\n\n\n\n<p>\u201cLo que necesitamos es encontrarnos o determinar nuestra identidad. En Oaxaca hay muchos escritores, pero la mayor\u00eda (de sus obras) no est\u00e1 publicada, son escritos de caj\u00f3n\u201d, expres\u00f3 el tambi\u00e9n editor.<\/p>\n\n\n\n<p>Desde hace varios a\u00f1os, dijo, se ha manifestado contra la FILO, pues es un programa, ya casi institucional, en el que no se ofrecen espacios para los escritores oaxaque\u00f1os, motivo por el que comenz\u00f3 con la organizaci\u00f3n de un espacio especial para los locales, pero al que tambi\u00e9n se sumaron escritores de otros estados.<\/p>\n\n\n\n<p>Esta feria se llevar\u00e1 a cabo el pr\u00f3ximo 19, 20 y 21 de noviembre y se transmitir\u00e1 por las plataformas digitales de la editorial Astromelia Editores y Armadillo Cultural, a trav\u00e9s de las que se anunciar\u00e1n los horarios y el calendario de actividades.<\/p>\n\n\n\n<p>La Feria de Identidad del Libro de Oaxaca es un proyecto independiente, en el que no se cuentan con apoyos institucionales, pero conf\u00edan en que con la aportaci\u00f3n de la sociedad civil pueda crecer, como ocurri\u00f3 con \u201cAbasto de letras\u201d, indic\u00f3 el tambi\u00e9n creador de dicho proyecto.<\/p>\n\n\n\n<figure class=\"wp-block-embed-twitter wp-block-embed is-type-rich is-provider-twitter\"><div class=\"wp-block-embed__wrapper\">\n<div class=\"twitter-tweet\"><blockquote class=\"twitter-tweet\" data-lang=\"es\"><p lang=\"es\" dir=\"ltr\">\u00bfEs realmente oaxaque\u00f1a la <a href=\"https:\/\/twitter.com\/FILOaxaca?ref_src=twsrc%5Etfw\">@FILOaxaca<\/a>? \u00bfPor que no se apoya a talentos literarios de la entidad? \u00bfPor que tienen que buscar otras alternativas? El escritor y editor Alejandro Aparicio lo explica y anuncia iniciativas virtuales: <a href=\"https:\/\/t.co\/r6RI7cgVKe\">pic.twitter.com\/r6RI7cgVKe<\/a><\/p>&mdash; Zona Roja Oaxaca (@MexRoja) <a href=\"https:\/\/twitter.com\/MexRoja\/status\/1325155113351180288?ref_src=twsrc%5Etfw\">7 de noviembre de 2020<\/a><\/blockquote><\/div>\n<\/div><\/figure>\n\n\n\n<p>\u201cAbasto de letras\u201d surgi\u00f3 hace una d\u00e9cada para fomentar la lectura entre la ciudadan\u00eda desde la Central de Abasto de la capital oaxaque\u00f1a, el cual ha representado un reto para los escritores que han formado parte del proyecto, pues en un inicio ni los mismos autores ten\u00edan fe y hoy, la actividad es requerida tanto por ni\u00f1os como por adultos.<\/p>\n\n\n\n<p>Alejandro Aparicio tambi\u00e9n anunci\u00f3 la realizaci\u00f3n de este proyecto bajo la modalidad virtual los pr\u00f3ximos d\u00edas 26 y 27 de noviembre. <\/p>\n\n\n\n<p>En medio de la contingencia por Covid-19, el uso de las redes sociales son una herramienta importante, pero de la cual tampoco se debe abusar, expres\u00f3 el escritor con 20 a\u00f1os de trayectoria.<\/p>\n\n\n\n<p>\u201cLa literatura siempre ha buscado espacios y en esta \u00e9poca no ha sido la excepci\u00f3n; ahora los debemos buscar en las redes\u201d, dijo.<\/p>\n\n\n\n<p>Pero, lament\u00f3 que algunas personas se ostenten como escritores y lo presumen en las redes para atraer atenci\u00f3n cuando no cuentan con la experiencia o s\u00f3lo tienen un libro publicado de hace varios a\u00f1os, pues ser escritor requiere de constancia y compromiso, pues detr\u00e1s, hay una generaci\u00f3n que necesita buenos ejemplos sobre el trabajo literario.<\/p>\n","protected":false},"excerpt":{"rendered":"<p>Yuridiana Sosa\/Zona Roja. Oaxaca de Ju\u00e1rez, Oax.- 9 de noviembre de 2020.- Destinada a la&hellip;<\/p>\n","protected":false},"author":2,"featured_media":19814,"comment_status":"closed","ping_status":"open","sticky":false,"template":"","format":"standard","meta":{"_lmt_disableupdate":"","_lmt_disable":"","_jetpack_memberships_contains_paid_content":false,"footnotes":""},"categories":[109,46],"tags":[1220],"class_list":["post-19813","post","type-post","status-publish","format-standard","has-post-thumbnail","hentry","category-minuto-a-minuto","category-zona-blanca","tag-alejandro-aparicio-santiago"],"jetpack_featured_media_url":"https:\/\/zonaroja.com.mx\/wp-content\/uploads\/2020\/11\/Alejandro-Aparicio-1.jpg","jetpack_sharing_enabled":true,"_links":{"self":[{"href":"https:\/\/zonaroja.com.mx\/index.php?rest_route=\/wp\/v2\/posts\/19813","targetHints":{"allow":["GET"]}}],"collection":[{"href":"https:\/\/zonaroja.com.mx\/index.php?rest_route=\/wp\/v2\/posts"}],"about":[{"href":"https:\/\/zonaroja.com.mx\/index.php?rest_route=\/wp\/v2\/types\/post"}],"author":[{"embeddable":true,"href":"https:\/\/zonaroja.com.mx\/index.php?rest_route=\/wp\/v2\/users\/2"}],"replies":[{"embeddable":true,"href":"https:\/\/zonaroja.com.mx\/index.php?rest_route=%2Fwp%2Fv2%2Fcomments&post=19813"}],"version-history":[{"count":2,"href":"https:\/\/zonaroja.com.mx\/index.php?rest_route=\/wp\/v2\/posts\/19813\/revisions"}],"predecessor-version":[{"id":19816,"href":"https:\/\/zonaroja.com.mx\/index.php?rest_route=\/wp\/v2\/posts\/19813\/revisions\/19816"}],"wp:featuredmedia":[{"embeddable":true,"href":"https:\/\/zonaroja.com.mx\/index.php?rest_route=\/wp\/v2\/media\/19814"}],"wp:attachment":[{"href":"https:\/\/zonaroja.com.mx\/index.php?rest_route=%2Fwp%2Fv2%2Fmedia&parent=19813"}],"wp:term":[{"taxonomy":"category","embeddable":true,"href":"https:\/\/zonaroja.com.mx\/index.php?rest_route=%2Fwp%2Fv2%2Fcategories&post=19813"},{"taxonomy":"post_tag","embeddable":true,"href":"https:\/\/zonaroja.com.mx\/index.php?rest_route=%2Fwp%2Fv2%2Ftags&post=19813"}],"curies":[{"name":"wp","href":"https:\/\/api.w.org\/{rel}","templated":true}]}}