{"id":19822,"date":"2020-11-08T21:50:05","date_gmt":"2020-11-09T03:50:05","guid":{"rendered":"http:\/\/www.zonaroja.com.mx\/?p=19822"},"modified":"2020-11-08T21:50:09","modified_gmt":"2020-11-09T03:50:09","slug":"baja-casos-de-covid-19-reportados-hoy-8-positivos-y-5-decesos","status":"publish","type":"post","link":"https:\/\/zonaroja.com.mx\/?p=19822","title":{"rendered":"Baja casos de Covid-19 reportados; hoy 8 positivos y 5 decesos"},"content":{"rendered":"\n<p>Redacci\u00f3n\/Zona Roja.<\/p>\n\n\n\n<p>Oaxaca de Ju\u00e1rez, Oax., 8 de noviembre de 2020. Al corte epidemiol\u00f3gico de este domingo 08 de noviembre, los Servicios de Salud de Oaxaca (SSO) tienen contabilizados 495 casos activos, de los cuales la Jurisdicci\u00f3n Sanitaria n\u00famero uno Valles Centrales contabiliza 388, Mixteca 48, Costa 25, Sierra 18, Istmo nueve y Tuxtepec siete.<\/p>\n\n\n\n<p>En un comunicado, el secretario de Salud en la entidad, Donato Casas Escamilla, dio a conocer que este domingo se contabilizan ocho casos nuevos, distribuidos en siete municipios, que suman 22 mil 042 casos acumulados de Covid-19 en el estado.<\/p>\n\n\n\n<p>Detall\u00f3 que se han notificado 35 mil 221 casos de los cuales, nueve mil 539 son negativos, hay tres mil 640 sospechosos, 19 mil 794 se han recuperado, y lamentablemente se han registrado cinco decesos que suman mil 758 defunciones.<\/p>\n\n\n\n<p>Refiri\u00f3 que la Jurisdicci\u00f3n Sanitaria n\u00famero uno Valles Centrales contabiliza, 14 mil 759 casos acumulados y 870 defunciones, Istmo dos mil 137 y 312 fallecimientos, Tuxtepec mil 832 y 256 defunciones, Mixteca mil 608 y 146 defunciones, Costa mil 118 y 113 muertes, y en la Sierra 588 y 61 fallecimientos.<\/p>\n\n\n\n<figure class=\"wp-block-embed-twitter wp-block-embed is-type-rich is-provider-twitter\"><div class=\"wp-block-embed__wrapper\">\n<div class=\"twitter-tweet\"><blockquote class=\"twitter-tweet\" data-lang=\"es\"><p lang=\"es\" dir=\"ltr\">Hasta el momento, la \u00fanica manera de protegerte contra el <a href=\"https:\/\/twitter.com\/hashtag\/COVID19?src=hash&amp;ref_src=twsrc%5Etfw\">#COVID19<\/a>, es mantener las medidas preventivas como el uso de <a href=\"https:\/\/twitter.com\/hashtag\/Cubrebocas?src=hash&amp;ref_src=twsrc%5Etfw\">#Cubrebocas<\/a>, el constante <a href=\"https:\/\/twitter.com\/hashtag\/LavadoDeManos?src=hash&amp;ref_src=twsrc%5Etfw\">#LavadoDeManos<\/a> y mantener una <a href=\"https:\/\/twitter.com\/hashtag\/SanaDistancia?src=hash&amp;ref_src=twsrc%5Etfw\">#SanaDistancia<\/a>.<br><br>Por ti y por tu familia, cu\u00eddate. <a href=\"https:\/\/t.co\/5g242E7M97\">pic.twitter.com\/5g242E7M97<\/a><\/p>&mdash; Servicios de Salud (@SSO_GobOax) <a href=\"https:\/\/twitter.com\/SSO_GobOax\/status\/1325619904096202752?ref_src=twsrc%5Etfw\">9 de noviembre de 2020<\/a><\/blockquote><\/div>\n<\/div><\/figure>\n\n\n\n<p>Con respecto a los casos activos, Oaxaca de Ju\u00e1rez registra 164 casos, lo que representa el 33%, seguido de Santa Luc\u00eda del Camino con 30 activos, Santa Cruz Xoxocotl\u00e1n 28, Villa de Zaachila 20, Santa Mar\u00eda Atzompa y Huajuapan de Le\u00f3n 14 cada uno, San Sebasti\u00e1n Tutla 13, Miahuatl\u00e1n de Porfirio D\u00edaz, San Jacinto Amilpas y Asunci\u00f3n Nochixtl\u00e1n 11 cada uno, el resto 10, nueve, siete, seis, cinco, cuatro, tres, dos y uno.<\/p>\n\n\n\n<p>Casas Escamilla dijo que la ocupaci\u00f3n hospitalaria global para la atenci\u00f3n de pacientes COVID-19 es del 34.6%, el 40.2 es sin ventilador, y el 25.4 es con ventilador.<\/p>\n\n\n\n<p>Finalmente, el funcionario record\u00f3 que debemos continuar con las medidas sanitarias, como el uso correcto del cubrebocas en espacios p\u00fablicos y cerrados, sana distancia, lavado de manos permanente.<\/p>\n\n\n\n<p>Ante cualquier s\u00edntoma, llamar al Centro de Atenci\u00f3n Telef\u00f3nica de la Unidad de Inteligencia para Emergencias en Salud (CAT-UIES) 800 770 8437, o al 951 297 5741 para recibir orientaci\u00f3n m\u00e9dica y donde acudir en caso de alguna complicaci\u00f3n, \u201crecuerda que si te cuidas t\u00fa, nos cuidas a todas y todos\u201d.<\/p>\n","protected":false},"excerpt":{"rendered":"<p>Redacci\u00f3n\/Zona Roja. Oaxaca de Ju\u00e1rez, Oax., 8 de noviembre de 2020. Al corte epidemiol\u00f3gico de&hellip;<\/p>\n","protected":false},"author":2,"featured_media":19823,"comment_status":"closed","ping_status":"open","sticky":false,"template":"","format":"standard","meta":{"_lmt_disableupdate":"","_lmt_disable":"","_jetpack_memberships_contains_paid_content":false,"footnotes":""},"categories":[109,47],"tags":[1512],"class_list":["post-19822","post","type-post","status-publish","format-standard","has-post-thumbnail","hentry","category-minuto-a-minuto","category-zona-gris","tag-coronavirus-oaxaca"],"jetpack_featured_media_url":"https:\/\/zonaroja.com.mx\/wp-content\/uploads\/2020\/11\/2-1.jpeg","jetpack_sharing_enabled":true,"_links":{"self":[{"href":"https:\/\/zonaroja.com.mx\/index.php?rest_route=\/wp\/v2\/posts\/19822","targetHints":{"allow":["GET"]}}],"collection":[{"href":"https:\/\/zonaroja.com.mx\/index.php?rest_route=\/wp\/v2\/posts"}],"about":[{"href":"https:\/\/zonaroja.com.mx\/index.php?rest_route=\/wp\/v2\/types\/post"}],"author":[{"embeddable":true,"href":"https:\/\/zonaroja.com.mx\/index.php?rest_route=\/wp\/v2\/users\/2"}],"replies":[{"embeddable":true,"href":"https:\/\/zonaroja.com.mx\/index.php?rest_route=%2Fwp%2Fv2%2Fcomments&post=19822"}],"version-history":[{"count":1,"href":"https:\/\/zonaroja.com.mx\/index.php?rest_route=\/wp\/v2\/posts\/19822\/revisions"}],"predecessor-version":[{"id":19824,"href":"https:\/\/zonaroja.com.mx\/index.php?rest_route=\/wp\/v2\/posts\/19822\/revisions\/19824"}],"wp:featuredmedia":[{"embeddable":true,"href":"https:\/\/zonaroja.com.mx\/index.php?rest_route=\/wp\/v2\/media\/19823"}],"wp:attachment":[{"href":"https:\/\/zonaroja.com.mx\/index.php?rest_route=%2Fwp%2Fv2%2Fmedia&parent=19822"}],"wp:term":[{"taxonomy":"category","embeddable":true,"href":"https:\/\/zonaroja.com.mx\/index.php?rest_route=%2Fwp%2Fv2%2Fcategories&post=19822"},{"taxonomy":"post_tag","embeddable":true,"href":"https:\/\/zonaroja.com.mx\/index.php?rest_route=%2Fwp%2Fv2%2Ftags&post=19822"}],"curies":[{"name":"wp","href":"https:\/\/api.w.org\/{rel}","templated":true}]}}